{"id":872,"date":"2019-09-13T15:13:09","date_gmt":"2019-09-13T14:13:09","guid":{"rendered":"https:\/\/my365.fr\/blog\/?p=872"},"modified":"2020-02-25T12:15:03","modified_gmt":"2020-02-25T11:15:03","slug":"le-voyage-d-un-minimaliste","status":"publish","type":"post","link":"https:\/\/my365.fr\/blog\/2019\/09\/13\/le-voyage-d-un-minimaliste\/","title":{"rendered":"Le voyage d&rsquo;un minimaliste !"},"content":{"rendered":"\n<p class=\"has-drop-cap\"><strong>David Picarda, photographe et minimaliste, voyage<\/strong><em><strong> avec \u00ab un sac \u00e0 dos l\u00e9ger et un esprit l\u00e9ger<\/strong><\/em><strong>.\u201d Le minimalisme met en exergue un mode de vie d\u00e9sencombr\u00e9, simplifi\u00e9, exempt d\u2019inutilit\u00e9s. C\u2019est un nouveau regard port\u00e9 sur la soci\u00e9t\u00e9 de consommation, une prise de conscience des priorit\u00e9s. Dans le cadre du voyage, r\u00e9duire le poids de son sac \u00e0 dos c\u2019est aussi gagner en libert\u00e9, en intensit\u00e9 et donc en \u00e9panouissement personnel. En interviewant David lors de son trip au Japon, j\u2019ai d\u00e9couvert l\u2019importance du \u201cless is more\u201d(le \u201cmoins c\u2019est plus\u201d), de sa d\u00e9marche \u00e9thique et philosophique\u2026<\/strong><\/p>\n\n\n\n<p><em>Cette interview a \u00e9t\u00e9 r\u00e9alis\u00e9e dans le cadre de notre d\u00e9fi sur le d\u00e9sencombrement. Retrouvez notre article <\/em><a href=\"https:\/\/my365.fr\/blog\/2019\/09\/02\/defi-desencombrer-mon-interieur-marie-kondo-fly-lady\/\"><em>ici<\/em><\/a><em> ! <\/em><\/p>\n\n\n\n<!--more-->\n\n\n\n<h3 class=\"wp-block-heading\"><strong>Comment es-tu devenu voyageur minimaliste ? Quel a \u00e9t\u00e9 le d\u00e9clic ?<\/strong><\/h3>\n\n\n\n<p>Il y a plus d\u2019un an et demi maintenant que je vis de fa\u00e7on minimaliste. Apr\u00e8s deux ans pass\u00e9s en colocation en Nouvelle-Z\u00e9lande, je suis all\u00e9 \u00e0 Londres o\u00f9 j\u2019avais d\u00e9j\u00e0 habit\u00e9. Je me suis dit qu\u2019il serait temps de faire comme tout le monde et d\u2019avoir mon appartement \u00e0 moi ! J\u2019en ai donc lou\u00e9 un. Un an apr\u00e8s, je d\u00e9cidais de prendre un nouveau d\u00e9part et de partir voyager au Japon. Je d\u00e9m\u00e9nageais donc une nouvelle fois mais cette fois-ci je d\u00e9m\u00e9nageais nulle part ! Plut\u00f4t que de louer un emplacement de stockage pour mes objets personnels, j\u2019ai d\u00e9cid\u00e9 de les vendre, de les donner \u00e0 des associations caritatives. Tout a commenc\u00e9 \u00e0 ce moment l\u00e0 !<\/p>\n\n\n\n<h3 class=\"wp-block-heading\"><strong>Ne commence-t-on pas \u00e0 vraiment se poser la question de l\u2019utilit\u00e9 des objets en pr\u00e9parant un tel voyage ?<\/strong><\/h3>\n\n\n\n<p>Je ne savais vraiment pas o\u00f9 j\u2019allais en pr\u00e9parant ce voyage, trois mois au Japon c\u2019est long et court \u00e0 la fois. Ce que je savais, c\u2019est que je ne voulais pas m\u2019encombrer d\u2019une valise, difficile \u00e0 transporter<strong>,<\/strong> et que je pr\u00e9voyais de bouger tous les deux jours. J\u2019\u00e9tais du genre \u00e0 voyager avec \u00e9norm\u00e9ment de v\u00eatements :&nbsp; le \u201cAu cas o\u00f9 !\u201d. J\u2019ai donc tap\u00e9 sur Google : \u201cComment pr\u00e9parer un sac \u00e0 dos\u201d et je suis tomb\u00e9 sur des sacs tellement petits que cela m\u2019a vraiment fait sourire. Il y a tellement de choses que l\u2019on veut emmener avec nous en voyage car elles nous rassurent ! Un dimanche, j\u2019ai ouvert mes armoires, sorti ce petit sac et me suis dit que cela ne co\u00fbtait rien d\u2019essayer. J\u2019ai fait une pile des objets\/fringues dont je ne me servais pas et une pile de ce qui me semblait indispensable pour mon voyage. Au d\u00e9but tout vous para\u00eet indispensable, mais \u00e9videmment j\u2019en avais beaucoup trop et cela ne rentrerait jamais dans mon sac. J\u2019ai d\u00fb me s\u00e9parer de choses qui \u00e0 l\u2019\u00e9poque me semblaient essentielles. Je vis sans toutes ces choses depuis plus d\u2019un an et demi. J\u2019avais une collection de 80 t-shirts, je n\u2019en ai gard\u00e9 que 3 ! Aujourd\u2019hui ma vie mat\u00e9rielle tient dans un sac de 38 litres.<\/p>\n\n\n\n<h3 class=\"wp-block-heading\"><strong>L\u2019id\u00e9e est-elle d\u2019aller \u00e0 l\u2019essentiel ? D\u2019\u00eatre moins centr\u00e9 sur les choses mat\u00e9rielles ?<\/strong><\/h3>\n\n\n\n<p>Lorsque nous r\u00e9alisons tout l\u2019attachement psychologique et sentimental que nous portons aux objets, le temps que nous passons \u00e0 vouloir tel ou tel objet, le temps pass\u00e9 \u00e0 travailler pour l\u2019acheter et pour qu\u2019il finisse en g\u00e9n\u00e9ral au fond d\u2019une armoire, oui, l\u2019id\u00e9e est clairement d\u2019aller \u00e0 l\u2019essentiel et d\u2019avoir plus de temps \u00e0 consacrer aux personnes que l\u2019on aime, aux gens qui nous entourent, aux nouvelles rencontres\u2026 C\u2019est ce que j\u2019ai d\u00e9couvert durant mon premier voyage : poss\u00e9der moins me permettait, non seulement de porter moins, mais aussi de profiter plus. Davantage de temps et moins de choses \u00e0 penser, moins de choses \u00e0 se soucier. En clair, lorsque vous supprimez la possession de l\u2019\u00e9quation, tout devient beaucoup plus simple et cela vous donne des choix que vous n\u2019aviez pas avant.<\/p>\n\n\n\n<h3 class=\"wp-block-heading\"><strong>Envisager de partir en voyage ainsi, \u00e7a fait forc\u00e9ment prendre un tournant au quotidien. As-tu chang\u00e9 tes habitudes ?<\/strong><\/h3>\n\n\n\n<p>Toutes mes habitudes ont chang\u00e9, la fa\u00e7on dont je me nourris, dont je m\u2019habille, dont je me lave, la fa\u00e7on dont je me r\u00e9veille ou je m\u2019endors\u2026 Ce qui a chang\u00e9 fondamentalement c\u2019est la fa\u00e7on dont j\u2019utilise mon temps chaque jour. Je lis plus, je cr\u00e9e plus, je fais plus de sport, je favorise \u00e9galement beaucoup plus les rapports sociaux.<\/p>\n\n\n\n<div class=\"wp-block-image\"><figure class=\"aligncenter\"><img loading=\"lazy\" decoding=\"async\" width=\"960\" height=\"960\" src=\"https:\/\/my365.fr\/blog\/wp-content\/uploads\/2019\/06\/David.P-Photo4-1.jpg\" alt=\"\" class=\"wp-image-885\" srcset=\"https:\/\/my365.fr\/blog\/wp-content\/uploads\/2019\/06\/David.P-Photo4-1.jpg 960w, https:\/\/my365.fr\/blog\/wp-content\/uploads\/2019\/06\/David.P-Photo4-1-150x150.jpg 150w, https:\/\/my365.fr\/blog\/wp-content\/uploads\/2019\/06\/David.P-Photo4-1-300x300.jpg 300w, https:\/\/my365.fr\/blog\/wp-content\/uploads\/2019\/06\/David.P-Photo4-1-768x768.jpg 768w\" sizes=\"(max-width: 709px) 85vw, (max-width: 909px) 67vw, (max-width: 1362px) 62vw, 840px\" \/><figcaption>Photo \/ David Picarda, Mont Fuji<\/figcaption><\/figure><\/div>\n\n\n\n<h3 class=\"wp-block-heading\"><strong>En somme, es-tu devenu minimaliste, m\u00eame lorsque tu n\u2019es pas en voyage ? &nbsp;<\/strong><\/h3>\n\n\n\n<p>Oui, je pense qu\u2019aujourd\u2019hui je peux dire que je suis minimaliste et que je le vis au jour le jour. Apr\u00e8s ce voyage, je suis retourn\u00e9 avec mon petit sac \u00e0 Londres o\u00f9 j\u2019ai opt\u00e9 pour une chambre Airbnb dans laquelle j\u2019ai v\u00e9cu quatre mois de fa\u00e7on minimaliste.<br><br>Je suis maintenant de retour au Japon o\u00f9 je vis dans un petit h\u00f4tel tr\u00e8s minimaliste avec beaucoup de parties communes incluant salle de bain et toilettes, c\u2019est parfait. \u00c0 l\u2019occasion de ce nouveau voyage, j\u2019ai refait le bilan et r\u00e9organis\u00e9 mon sac : j\u2019ai enlev\u00e9 un tiers de sa capacit\u00e9 car il \u00e9tait encore trop lourd !<\/p>\n\n\n\n<div class=\"wp-block-image\"><figure class=\"aligncenter\"><img loading=\"lazy\" decoding=\"async\" width=\"771\" height=\"1024\" src=\"https:\/\/my365.fr\/blog\/wp-content\/uploads\/2019\/09\/david-picarda-771x1024.jpeg\" alt=\"\" class=\"wp-image-941\" srcset=\"https:\/\/my365.fr\/blog\/wp-content\/uploads\/2019\/09\/david-picarda-771x1024.jpeg 771w, https:\/\/my365.fr\/blog\/wp-content\/uploads\/2019\/09\/david-picarda-226x300.jpeg 226w, https:\/\/my365.fr\/blog\/wp-content\/uploads\/2019\/09\/david-picarda-768x1020.jpeg 768w, https:\/\/my365.fr\/blog\/wp-content\/uploads\/2019\/09\/david-picarda.jpeg 1084w\" sizes=\"(max-width: 709px) 85vw, (max-width: 909px) 67vw, (max-width: 984px) 61vw, (max-width: 1362px) 45vw, 600px\" \/><figcaption>Photo \/ David Picarda<\/figcaption><\/figure><\/div>\n\n\n\n<h3 class=\"wp-block-heading\"><strong>Est-ce facile de se d\u00e9shabituer de notre soci\u00e9t\u00e9 de consommation ou est-ce un d\u00e9fi de tous les jours ?<\/strong><\/h3>\n\n\n\n<p>Le plus grand d\u00e9fi fut de se s\u00e9parer d\u2019\u00e9norm\u00e9ment d\u2019objets auxquels je tenais, mes meubles, mes fringues, mes bouquins, mon univers en somme. \u00c0 chaque fois que je mettais un objet dans un carton pour le donner, le vendre<strong>,<\/strong> ou tout simplement pour le jeter, cela a \u00e9t\u00e9 tr\u00e8s dur, enfin au d\u00e9but. Assez rapidement, j\u2019ai ressenti un sentiment plut\u00f4t nouveau, un sentiment de satisfaction, sp\u00e9cialement quand je donnais mes objets, mes meubles, \u00e0 des associations caritatives.<br><br>Aujourd\u2019hui, je peux dire qu\u2019aucun de ces objets ne me manque. J\u2019ai r\u00e9cemment fait l\u2019acquisition d\u2019une tr\u00e8s petite cam\u00e9ra. Est-ce essentiel ? Non, cependant j\u2019aime faire de la vid\u00e9o et de la photo et cela m\u2019a fait plaisir de l\u2019acheter. Pour moi, \u00eatre minimaliste ce n\u2019est pas se priver, au contraire c\u2019est se donner la libert\u00e9 de choix. J\u2019ai une r\u00e8gle cependant : tout ce que je poss\u00e8de doit tenir dans mon sac de 38 litres !<br><br>Le plus frappant lorsque l\u2019on change de mode de vie c\u2019est le nombre de  d\u00e9chets que l\u2019on produit journali\u00e8rement. Au d\u00e9but, par souci de gain de  place je l\u2019avoue, j\u2019ai cherch\u00e9 des solutions pour transporter un  n\u00e9cessaire de toilette petit et efficace. J\u2019utilise une brosse \u00e0 dent en  bambou, des pastilles qui font office de dentifrice, un savon  shampoing, de la cr\u00e8me d\u00e9odorante et un savon. <br><br>Adopter  cette nouvelle fa\u00e7on de vivre m\u2019a ouvert les yeux sur le nombre de  d\u00e9chets plastiques que je consommais. Ce n\u2019est pas toujours facile mais  j\u2019essaie de le r\u00e9duire : je refuse syst\u00e9matiquement les sacs, les  couvercles des cups \u00e0 emporter, les pailles\u2026 Je favorise les mugs\/verres  si je reste sur place, etc\u2026 Je poss\u00e8de deux sacs plastiques depuis  pr\u00e8s de deux ans maintenant que je r\u00e9utilise si besoin. Ce sont certes  de petits gestes simples mais ils ont leur importance.<br><br>Arr\u00eater d\u2019accumuler les possessions m\u2019a donn\u00e9 l\u2019occasion de prendre r\u00e9ellement conscience que beaucoup de mes actes avaient une incidence directe sur la sant\u00e9 de notre plan\u00e8te. <br><\/p>\n\n\n\n<figure class=\"wp-block-image\"><img loading=\"lazy\" decoding=\"async\" width=\"1024\" height=\"1024\" src=\"https:\/\/my365.fr\/blog\/wp-content\/uploads\/2019\/09\/david-picarda-kyoto-1024x1024.jpeg\" alt=\"\" class=\"wp-image-943\" srcset=\"https:\/\/my365.fr\/blog\/wp-content\/uploads\/2019\/09\/david-picarda-kyoto-1024x1024.jpeg 1024w, https:\/\/my365.fr\/blog\/wp-content\/uploads\/2019\/09\/david-picarda-kyoto-150x150.jpeg 150w, https:\/\/my365.fr\/blog\/wp-content\/uploads\/2019\/09\/david-picarda-kyoto-300x300.jpeg 300w, https:\/\/my365.fr\/blog\/wp-content\/uploads\/2019\/09\/david-picarda-kyoto-768x768.jpeg 768w, https:\/\/my365.fr\/blog\/wp-content\/uploads\/2019\/09\/david-picarda-kyoto.jpeg 1080w\" sizes=\"(max-width: 709px) 85vw, (max-width: 909px) 67vw, (max-width: 1362px) 62vw, 840px\" \/><figcaption>Photo \/ David Picarda \/ Kyoto<\/figcaption><\/figure>\n\n\n\n<h3 class=\"wp-block-heading\"><strong>C&rsquo;est une exp\u00e9rience unique, qui doit chambouler, pousser \u00e0 se remettre en question. Est-ce que l\u2019on s\u2019adapte facilement ? Est-ce que l\u2019on d\u00e9passe rapidement ses peurs ?<\/strong><\/h3>\n\n\n\n<p>Au d\u00e9but, lors de la pr\u00e9paration de mon sac minimaliste, je n\u2019ai pas eu de peurs en soi, je pense, plut\u00f4t des questions et des doutes auxquels j\u2019ai r\u00e9pondu durant mon premier voyage. Mais tr\u00e8s vite, tout devient de plus en plus facile ! Aujourd\u2019hui, je pourrais difficilement faire marche arri\u00e8re. Ce mode de vie me convient bien.<\/p>\n\n\n\n<figure class=\"wp-block-image\"><img loading=\"lazy\" decoding=\"async\" width=\"960\" height=\"960\" src=\"https:\/\/my365.fr\/blog\/wp-content\/uploads\/2019\/09\/david-picarda-3.png\" alt=\"\" class=\"wp-image-956\" srcset=\"https:\/\/my365.fr\/blog\/wp-content\/uploads\/2019\/09\/david-picarda-3.png 960w, https:\/\/my365.fr\/blog\/wp-content\/uploads\/2019\/09\/david-picarda-3-150x150.png 150w, https:\/\/my365.fr\/blog\/wp-content\/uploads\/2019\/09\/david-picarda-3-300x300.png 300w, https:\/\/my365.fr\/blog\/wp-content\/uploads\/2019\/09\/david-picarda-3-768x768.png 768w\" sizes=\"(max-width: 709px) 85vw, (max-width: 909px) 67vw, (max-width: 1362px) 62vw, 840px\" \/><\/figure>\n\n\n\n<h3 class=\"wp-block-heading\"><strong>Peut-on dire que ce style de voyage est la meilleure \u00e9cole de la vie ? (Le chemin, plus important que la destination) Ne reprend-on pas le contr\u00f4le sur soi ? N\u2019est-ce pas une forme de libert\u00e9 ?<\/strong><\/h3>\n\n\n\n<p>Le minimalisme en soi est un voyage. J\u2019ai beaucoup march\u00e9 durant ces trois mois au Japon et j\u2019ai appris beaucoup sur moi-m\u00eame durant ces moments en solitaire. Le minimalisme m\u2019a r\u00e9veill\u00e9 en quelque sorte, m\u2019a donn\u00e9 l\u2019occasion d\u2019un nouveau d\u00e9part hors normes. Quand vous vous asseyez sur votre canap\u00e9, regardez autour de vous, fermez les yeux et imaginez que vous ne poss\u00e9dez rien de tout cela. Qui \u00eates-vous sans tout cela !? C\u2019est la question que je me suis pos\u00e9e et que je me pose tous les jours\u2026&nbsp;&nbsp;<br><br>C\u2019est tout \u00e0 fait \u00e7a ! La libert\u00e9 !<\/p>\n\n\n\n<figure class=\"wp-block-image\"><img loading=\"lazy\" decoding=\"async\" width=\"960\" height=\"960\" src=\"https:\/\/my365.fr\/blog\/wp-content\/uploads\/2019\/06\/David.P-Photo3.jpg\" alt=\"\" class=\"wp-image-877\" srcset=\"https:\/\/my365.fr\/blog\/wp-content\/uploads\/2019\/06\/David.P-Photo3.jpg 960w, https:\/\/my365.fr\/blog\/wp-content\/uploads\/2019\/06\/David.P-Photo3-150x150.jpg 150w, https:\/\/my365.fr\/blog\/wp-content\/uploads\/2019\/06\/David.P-Photo3-300x300.jpg 300w, https:\/\/my365.fr\/blog\/wp-content\/uploads\/2019\/06\/David.P-Photo3-768x768.jpg 768w\" sizes=\"(max-width: 709px) 85vw, (max-width: 909px) 67vw, (max-width: 1362px) 62vw, 840px\" \/><figcaption>Photo \/ David Picarda, Rurikoin temple, Kyoto<br><br><br><\/figcaption><\/figure>\n\n\n\n<p><strong>Le minimalisme apporte visiblement une structure qui permet d\u2019\u00eatre lib\u00e9r\u00e9\u00b7e du mat\u00e9riel : ne plus \u00eatre poss\u00e9d\u00e9\u00b7e par les choses mais aller vers ce qui compte r\u00e9ellement. Cette libert\u00e9 pour certain\u00b7es peut \u00eatre une contrainte pour d\u2019autres. L\u2019important est au moins d\u2019y r\u00e9fl\u00e9chir car m\u00eame si on ne devient pas minimaliste on peut se recentrer, se d\u00e9sencombrer l\u2019esprit, et se d\u00e9barrasser des choses superflues. Faire focus sur notre essentiel ! <\/strong><br><br><strong>Nous retrouverons prochainement David sur les routes de Shikoku, une \u00eele du Japon qu\u2019il a d\u00e9cid\u00e9 de parcourir \u00e0 pied. 1200 km de marche avec un petit sac \u00e0 dos de 8 l promet d\u2019\u00eatre une belle aventure <\/strong>!<\/p>\n\n\n\n<h3 class=\"wp-block-heading\">Pour suivre David:<\/h3>\n\n\n\n<div class=\"wp-block-image\"><figure class=\"alignleft is-resized\"><img loading=\"lazy\" decoding=\"async\" src=\"https:\/\/my365.fr\/blog\/wp-content\/uploads\/2019\/09\/david.png\" alt=\"\" class=\"wp-image-939\" width=\"228\" height=\"228\" srcset=\"https:\/\/my365.fr\/blog\/wp-content\/uploads\/2019\/09\/david.png 716w, https:\/\/my365.fr\/blog\/wp-content\/uploads\/2019\/09\/david-150x150.png 150w, https:\/\/my365.fr\/blog\/wp-content\/uploads\/2019\/09\/david-300x300.png 300w\" sizes=\"(max-width: 228px) 85vw, 228px\" \/><\/figure><\/div>\n\n\n\n<p><strong>Instagram :<\/strong><br><a href=\"https:\/\/www.instagram.com\/minimalistraveler\/\">https:\/\/www.instagram.com\/minimalistraveler\/<\/a><br><br><strong>Youtube :<\/strong><br><a href=\"https:\/\/www.youtube.com\/channel\/UCd2h6yBUCJhqyDshP9150tg\">https:\/\/www.youtube.com\/channel\/UCd2h6yBUCJhqyDshP9150tg<\/a><br><br><strong>Blog :<\/strong><br><a href=\"https:\/\/www.davidpicarda.com\/minimalist-traveler\">https:\/\/www.davidpicarda.com\/minimalist-traveler<\/a><\/p>\n","protected":false},"excerpt":{"rendered":"<p>David Picarda, photographe et minimaliste, voyage avec \u00ab un sac \u00e0 dos l\u00e9ger et un esprit l\u00e9ger.\u201d Le minimalisme met en exergue un mode de vie d\u00e9sencombr\u00e9, simplifi\u00e9, exempt d\u2019inutilit\u00e9s. C\u2019est un nouveau regard port\u00e9 sur la soci\u00e9t\u00e9 de consommation, une prise de conscience des priorit\u00e9s. Dans le cadre du voyage, r\u00e9duire le poids de &hellip; <a href=\"https:\/\/my365.fr\/blog\/2019\/09\/13\/le-voyage-d-un-minimaliste\/\" class=\"more-link\">Continuer la lecture<span class=\"screen-reader-text\"> de &laquo;&nbsp;Le voyage d&rsquo;un minimaliste !&nbsp;&raquo;<\/span><\/a><\/p>\n","protected":false},"author":4,"featured_media":952,"comment_status":"open","ping_status":"open","sticky":false,"template":"","format":"standard","meta":{"footnotes":""},"categories":[2,124],"tags":[],"class_list":["post-872","post","type-post","status-publish","format-standard","has-post-thumbnail","hentry","category-defis","category-interview"],"yoast_head":"<!-- This site is optimized with the Yoast SEO plugin v23.7 - https:\/\/yoast.com\/wordpress\/plugins\/seo\/ -->\n<title>Le blog de My 365 - Le voyage d&#039;un minimaliste !<\/title>\n<meta name=\"description\" content=\"David Picarda nous emm\u00e8ne en voyage, pas n&#039;importe lequel... en voyage minimaliste ! Comment aller au bout du monde avec un sac de 8L ?\" \/>\n<meta name=\"robots\" content=\"index, follow, max-snippet:-1, max-image-preview:large, max-video-preview:-1\" \/>\n<link rel=\"canonical\" href=\"https:\/\/my365.fr\/blog\/2019\/09\/13\/le-voyage-d-un-minimaliste\/\" \/>\n<meta property=\"og:locale\" content=\"fr_FR\" \/>\n<meta property=\"og:type\" content=\"article\" \/>\n<meta property=\"og:title\" content=\"Le blog de My 365 - Le voyage d&#039;un minimaliste !\" \/>\n<meta property=\"og:description\" content=\"David Picarda nous emm\u00e8ne en voyage, pas n&#039;importe lequel... en voyage minimaliste ! Comment aller au bout du monde avec un sac de 8L ?\" \/>\n<meta property=\"og:url\" content=\"https:\/\/my365.fr\/blog\/2019\/09\/13\/le-voyage-d-un-minimaliste\/\" \/>\n<meta property=\"og:site_name\" content=\"Le blog de My 365\" \/>\n<meta property=\"article:publisher\" content=\"https:\/\/www.facebook.com\/myAgenda365\" \/>\n<meta property=\"article:published_time\" content=\"2019-09-13T14:13:09+00:00\" \/>\n<meta property=\"article:modified_time\" content=\"2020-02-25T11:15:03+00:00\" \/>\n<meta property=\"og:image\" content=\"https:\/\/my365.fr\/blog\/wp-content\/uploads\/2019\/09\/david-picarda-sac-minimaliste.png\" \/>\n\t<meta property=\"og:image:width\" content=\"750\" \/>\n\t<meta property=\"og:image:height\" content=\"802\" \/>\n\t<meta property=\"og:image:type\" content=\"image\/png\" \/>\n<meta name=\"author\" content=\"No\u00e9mie\" \/>\n<meta name=\"twitter:card\" content=\"summary_large_image\" \/>\n<meta name=\"twitter:creator\" content=\"@myAgenda365\" \/>\n<meta name=\"twitter:site\" content=\"@myAgenda365\" \/>\n<meta name=\"twitter:label1\" content=\"\u00c9crit par\" \/>\n\t<meta name=\"twitter:data1\" content=\"No\u00e9mie\" \/>\n\t<meta name=\"twitter:label2\" content=\"Dur\u00e9e de lecture estim\u00e9e\" \/>\n\t<meta name=\"twitter:data2\" content=\"9 minutes\" \/>\n<script type=\"application\/ld+json\" class=\"yoast-schema-graph\">{\"@context\":\"https:\/\/schema.org\",\"@graph\":[{\"@type\":\"WebPage\",\"@id\":\"https:\/\/my365.fr\/blog\/2019\/09\/13\/le-voyage-d-un-minimaliste\/\",\"url\":\"https:\/\/my365.fr\/blog\/2019\/09\/13\/le-voyage-d-un-minimaliste\/\",\"name\":\"Le blog de My 365 - Le voyage d'un minimaliste !\",\"isPartOf\":{\"@id\":\"https:\/\/my365.fr\/blog\/#website\"},\"primaryImageOfPage\":{\"@id\":\"https:\/\/my365.fr\/blog\/2019\/09\/13\/le-voyage-d-un-minimaliste\/#primaryimage\"},\"image\":{\"@id\":\"https:\/\/my365.fr\/blog\/2019\/09\/13\/le-voyage-d-un-minimaliste\/#primaryimage\"},\"thumbnailUrl\":\"https:\/\/my365.fr\/blog\/wp-content\/uploads\/2019\/09\/david-picarda-sac-minimaliste.png\",\"datePublished\":\"2019-09-13T14:13:09+00:00\",\"dateModified\":\"2020-02-25T11:15:03+00:00\",\"author\":{\"@id\":\"https:\/\/my365.fr\/blog\/#\/schema\/person\/ec2d3f39c8e40aec4af5e092ce621b3c\"},\"description\":\"David Picarda nous emm\u00e8ne en voyage, pas n'importe lequel... en voyage minimaliste ! Comment aller au bout du monde avec un sac de 8L ?\",\"breadcrumb\":{\"@id\":\"https:\/\/my365.fr\/blog\/2019\/09\/13\/le-voyage-d-un-minimaliste\/#breadcrumb\"},\"inLanguage\":\"fr-FR\",\"potentialAction\":[{\"@type\":\"ReadAction\",\"target\":[\"https:\/\/my365.fr\/blog\/2019\/09\/13\/le-voyage-d-un-minimaliste\/\"]}]},{\"@type\":\"ImageObject\",\"inLanguage\":\"fr-FR\",\"@id\":\"https:\/\/my365.fr\/blog\/2019\/09\/13\/le-voyage-d-un-minimaliste\/#primaryimage\",\"url\":\"https:\/\/my365.fr\/blog\/wp-content\/uploads\/2019\/09\/david-picarda-sac-minimaliste.png\",\"contentUrl\":\"https:\/\/my365.fr\/blog\/wp-content\/uploads\/2019\/09\/david-picarda-sac-minimaliste.png\",\"width\":750,\"height\":802},{\"@type\":\"BreadcrumbList\",\"@id\":\"https:\/\/my365.fr\/blog\/2019\/09\/13\/le-voyage-d-un-minimaliste\/#breadcrumb\",\"itemListElement\":[{\"@type\":\"ListItem\",\"position\":1,\"name\":\"Accueil\",\"item\":\"https:\/\/my365.fr\/blog\/\"},{\"@type\":\"ListItem\",\"position\":2,\"name\":\"Le voyage d&rsquo;un minimaliste !\"}]},{\"@type\":\"WebSite\",\"@id\":\"https:\/\/my365.fr\/blog\/#website\",\"url\":\"https:\/\/my365.fr\/blog\/\",\"name\":\"Le blog de My 365\",\"description\":\"\",\"potentialAction\":[{\"@type\":\"SearchAction\",\"target\":{\"@type\":\"EntryPoint\",\"urlTemplate\":\"https:\/\/my365.fr\/blog\/?s={search_term_string}\"},\"query-input\":{\"@type\":\"PropertyValueSpecification\",\"valueRequired\":true,\"valueName\":\"search_term_string\"}}],\"inLanguage\":\"fr-FR\"},{\"@type\":\"Person\",\"@id\":\"https:\/\/my365.fr\/blog\/#\/schema\/person\/ec2d3f39c8e40aec4af5e092ce621b3c\",\"name\":\"No\u00e9mie\",\"image\":{\"@type\":\"ImageObject\",\"inLanguage\":\"fr-FR\",\"@id\":\"https:\/\/my365.fr\/blog\/#\/schema\/person\/image\/\",\"url\":\"https:\/\/secure.gravatar.com\/avatar\/ca491574d75c8342a1e17a5ed57ac354?s=96&d=mm&r=g\",\"contentUrl\":\"https:\/\/secure.gravatar.com\/avatar\/ca491574d75c8342a1e17a5ed57ac354?s=96&d=mm&r=g\",\"caption\":\"No\u00e9mie\"},\"url\":\"https:\/\/my365.fr\/blog\/author\/noemie\/\"}]}<\/script>\n<!-- \/ Yoast SEO plugin. -->","yoast_head_json":{"title":"Le blog de My 365 - Le voyage d'un minimaliste !","description":"David Picarda nous emm\u00e8ne en voyage, pas n'importe lequel... en voyage minimaliste ! Comment aller au bout du monde avec un sac de 8L ?","robots":{"index":"index","follow":"follow","max-snippet":"max-snippet:-1","max-image-preview":"max-image-preview:large","max-video-preview":"max-video-preview:-1"},"canonical":"https:\/\/my365.fr\/blog\/2019\/09\/13\/le-voyage-d-un-minimaliste\/","og_locale":"fr_FR","og_type":"article","og_title":"Le blog de My 365 - Le voyage d'un minimaliste !","og_description":"David Picarda nous emm\u00e8ne en voyage, pas n'importe lequel... en voyage minimaliste ! Comment aller au bout du monde avec un sac de 8L ?","og_url":"https:\/\/my365.fr\/blog\/2019\/09\/13\/le-voyage-d-un-minimaliste\/","og_site_name":"Le blog de My 365","article_publisher":"https:\/\/www.facebook.com\/myAgenda365","article_published_time":"2019-09-13T14:13:09+00:00","article_modified_time":"2020-02-25T11:15:03+00:00","og_image":[{"width":750,"height":802,"url":"https:\/\/my365.fr\/blog\/wp-content\/uploads\/2019\/09\/david-picarda-sac-minimaliste.png","type":"image\/png"}],"author":"No\u00e9mie","twitter_card":"summary_large_image","twitter_creator":"@myAgenda365","twitter_site":"@myAgenda365","twitter_misc":{"\u00c9crit par":"No\u00e9mie","Dur\u00e9e de lecture estim\u00e9e":"9 minutes"},"schema":{"@context":"https:\/\/schema.org","@graph":[{"@type":"WebPage","@id":"https:\/\/my365.fr\/blog\/2019\/09\/13\/le-voyage-d-un-minimaliste\/","url":"https:\/\/my365.fr\/blog\/2019\/09\/13\/le-voyage-d-un-minimaliste\/","name":"Le blog de My 365 - Le voyage d'un minimaliste !","isPartOf":{"@id":"https:\/\/my365.fr\/blog\/#website"},"primaryImageOfPage":{"@id":"https:\/\/my365.fr\/blog\/2019\/09\/13\/le-voyage-d-un-minimaliste\/#primaryimage"},"image":{"@id":"https:\/\/my365.fr\/blog\/2019\/09\/13\/le-voyage-d-un-minimaliste\/#primaryimage"},"thumbnailUrl":"https:\/\/my365.fr\/blog\/wp-content\/uploads\/2019\/09\/david-picarda-sac-minimaliste.png","datePublished":"2019-09-13T14:13:09+00:00","dateModified":"2020-02-25T11:15:03+00:00","author":{"@id":"https:\/\/my365.fr\/blog\/#\/schema\/person\/ec2d3f39c8e40aec4af5e092ce621b3c"},"description":"David Picarda nous emm\u00e8ne en voyage, pas n'importe lequel... en voyage minimaliste ! Comment aller au bout du monde avec un sac de 8L ?","breadcrumb":{"@id":"https:\/\/my365.fr\/blog\/2019\/09\/13\/le-voyage-d-un-minimaliste\/#breadcrumb"},"inLanguage":"fr-FR","potentialAction":[{"@type":"ReadAction","target":["https:\/\/my365.fr\/blog\/2019\/09\/13\/le-voyage-d-un-minimaliste\/"]}]},{"@type":"ImageObject","inLanguage":"fr-FR","@id":"https:\/\/my365.fr\/blog\/2019\/09\/13\/le-voyage-d-un-minimaliste\/#primaryimage","url":"https:\/\/my365.fr\/blog\/wp-content\/uploads\/2019\/09\/david-picarda-sac-minimaliste.png","contentUrl":"https:\/\/my365.fr\/blog\/wp-content\/uploads\/2019\/09\/david-picarda-sac-minimaliste.png","width":750,"height":802},{"@type":"BreadcrumbList","@id":"https:\/\/my365.fr\/blog\/2019\/09\/13\/le-voyage-d-un-minimaliste\/#breadcrumb","itemListElement":[{"@type":"ListItem","position":1,"name":"Accueil","item":"https:\/\/my365.fr\/blog\/"},{"@type":"ListItem","position":2,"name":"Le voyage d&rsquo;un minimaliste !"}]},{"@type":"WebSite","@id":"https:\/\/my365.fr\/blog\/#website","url":"https:\/\/my365.fr\/blog\/","name":"Le blog de My 365","description":"","potentialAction":[{"@type":"SearchAction","target":{"@type":"EntryPoint","urlTemplate":"https:\/\/my365.fr\/blog\/?s={search_term_string}"},"query-input":{"@type":"PropertyValueSpecification","valueRequired":true,"valueName":"search_term_string"}}],"inLanguage":"fr-FR"},{"@type":"Person","@id":"https:\/\/my365.fr\/blog\/#\/schema\/person\/ec2d3f39c8e40aec4af5e092ce621b3c","name":"No\u00e9mie","image":{"@type":"ImageObject","inLanguage":"fr-FR","@id":"https:\/\/my365.fr\/blog\/#\/schema\/person\/image\/","url":"https:\/\/secure.gravatar.com\/avatar\/ca491574d75c8342a1e17a5ed57ac354?s=96&d=mm&r=g","contentUrl":"https:\/\/secure.gravatar.com\/avatar\/ca491574d75c8342a1e17a5ed57ac354?s=96&d=mm&r=g","caption":"No\u00e9mie"},"url":"https:\/\/my365.fr\/blog\/author\/noemie\/"}]}},"_links":{"self":[{"href":"https:\/\/my365.fr\/blog\/wp-json\/wp\/v2\/posts\/872"}],"collection":[{"href":"https:\/\/my365.fr\/blog\/wp-json\/wp\/v2\/posts"}],"about":[{"href":"https:\/\/my365.fr\/blog\/wp-json\/wp\/v2\/types\/post"}],"author":[{"embeddable":true,"href":"https:\/\/my365.fr\/blog\/wp-json\/wp\/v2\/users\/4"}],"replies":[{"embeddable":true,"href":"https:\/\/my365.fr\/blog\/wp-json\/wp\/v2\/comments?post=872"}],"version-history":[{"count":26,"href":"https:\/\/my365.fr\/blog\/wp-json\/wp\/v2\/posts\/872\/revisions"}],"predecessor-version":[{"id":1386,"href":"https:\/\/my365.fr\/blog\/wp-json\/wp\/v2\/posts\/872\/revisions\/1386"}],"wp:featuredmedia":[{"embeddable":true,"href":"https:\/\/my365.fr\/blog\/wp-json\/wp\/v2\/media\/952"}],"wp:attachment":[{"href":"https:\/\/my365.fr\/blog\/wp-json\/wp\/v2\/media?parent=872"}],"wp:term":[{"taxonomy":"category","embeddable":true,"href":"https:\/\/my365.fr\/blog\/wp-json\/wp\/v2\/categories?post=872"},{"taxonomy":"post_tag","embeddable":true,"href":"https:\/\/my365.fr\/blog\/wp-json\/wp\/v2\/tags?post=872"}],"curies":[{"name":"wp","href":"https:\/\/api.w.org\/{rel}","templated":true}]}}