{"id":669,"date":"2017-09-22T14:14:36","date_gmt":"2017-09-22T13:14:36","guid":{"rendered":"https:\/\/my365.fr\/blog\/?p=669"},"modified":"2019-10-10T09:35:55","modified_gmt":"2019-10-10T08:35:55","slug":"notre-agenda-my-2018-arrive","status":"publish","type":"post","link":"https:\/\/my365.fr\/blog\/2017\/09\/22\/notre-agenda-my-2018-arrive\/","title":{"rendered":"My 2018 arrive !!!"},"content":{"rendered":"\n<p><strong>Aujourd&rsquo;hui, c&rsquo;est le GRAND JOUR ! <\/strong>Apr\u00e8s des mois de pr\u00e9paration, notre agenda My 2018 (de janvier \u00e0 janvier) est enfin pr\u00eat : <a href=\"https:\/\/my365.fr\/my-2018\/\">le compte \u00e0 rebours est lanc\u00e9 !<\/a><\/p>\n\n\n\n<!--more-->\n\n\n<p>Nous sommes tr\u00e8s heureux de vous donner rendez-vous le <strong>jeudi 12 octobre \u00e0 10h<\/strong> pour le lancement de notre campagne de financement participatif. Comme \u00e0 notre habitude nous proposerons un tarif pr\u00e9f\u00e9rentiel early bird pour les premiers acheteurs !!! <a href=\"https:\/\/my365.fr\/my-2018\/\" target=\"_blank\" rel=\"noopener noreferrer\">Nous vous enverrons un mail de rappel \u00e0 l&rsquo;heure H<\/a> pour ne pas manquer l&rsquo;occasion si vous \u00eates int\u00e9ress\u00e9.e <span class=\"UFICommentActorAndBody\"><span data-ft=\"{&quot;tn&quot;:&quot;K&quot;}\"><span class=\"UFICommentBody\"><span class=\"_47e3 _5mfr\" title=\"\u00e9motic\u00f4ne smile\"><img loading=\"lazy\" decoding=\"async\" class=\"img\" role=\"presentation\" src=\"https:\/\/www.facebook.com\/images\/emoji.php\/v9\/f4c\/1\/16\/1f642.png\" alt=\"\" width=\"16\" height=\"16\" data-cke-saved-src=\"https:\/\/www.facebook.com\/images\/emoji.php\/v9\/f4c\/1\/16\/1f642.png\" \/><\/span><\/span><\/span><\/span><\/p>\n<p>Dans la continuit\u00e9 de <em>My 2017<\/em> nous avons con\u00e7u cet agenda, encore plus riche, avec<strong> de nouvelles fonctionnalit\u00e9s issues du bullet journal, des am\u00e9liorations issues de vos retours, plus d&rsquo;illustrations, plus de pages vierges, et plus d&rsquo;options.<\/strong> Nous sommes fiers du travail effectu\u00e9 et nous sommes impatients de vous le pr\u00e9senter !<\/p>\n<p>Et parce que nous souhaitons r\u00e9aliser des agendas <strong><i>bon pour nous et bons pour la plan\u00e8te <\/i><\/strong>nous continuons notre engagement pour <strong>une consommation responsable<\/strong> en fabriquant l&rsquo;ensemble de nos produits en france (vous pouvez d&rsquo;ailleurs participer au d\u00e9fi du mois de septembre :<a href=\"https:\/\/my365.fr\/blog\/2017\/08\/31\/defi-consommer-local\/\" target=\"_blank\" rel=\"noopener noreferrer\"> consommer local<\/a>) Nous renfor\u00e7ons aussi <strong>la qualit\u00e9 \u00e9cologique de nos produits<\/strong> en imprimant les pages de My 2018 sur du <strong>papier 100% recycl\u00e9<\/strong> !<\/p>\n<p>Bref\u2026 Si vous souhaitez plus d&rsquo;info <a href=\"https:\/\/my365.fr\/my-2018\/\" target=\"_blank\" rel=\"noopener noreferrer\">Inscrivez-vous ici<\/a> \ud83d\ude42<\/p>","protected":false},"excerpt":{"rendered":"<p>Aujourd&rsquo;hui, c&rsquo;est le GRAND JOUR ! Apr\u00e8s des mois de pr\u00e9paration, notre agenda My 2018 (de janvier \u00e0 janvier) est enfin pr\u00eat : le compte \u00e0 rebours est lanc\u00e9 !<\/p>\n","protected":false},"author":1,"featured_media":671,"comment_status":"open","ping_status":"open","sticky":false,"template":"","format":"standard","meta":{"footnotes":""},"categories":[16],"tags":[],"class_list":["post-669","post","type-post","status-publish","format-standard","has-post-thumbnail","hentry","category-news"],"yoast_head":"<!-- This site is optimized with the Yoast SEO plugin v23.7 - https:\/\/yoast.com\/wordpress\/plugins\/seo\/ -->\n<title>Le blog de My 365 - My 2018 arrive !!!<\/title>\n<meta name=\"robots\" content=\"index, follow, max-snippet:-1, max-image-preview:large, max-video-preview:-1\" \/>\n<link rel=\"canonical\" href=\"https:\/\/my365.fr\/blog\/2017\/09\/22\/notre-agenda-my-2018-arrive\/\" \/>\n<meta property=\"og:locale\" content=\"fr_FR\" \/>\n<meta property=\"og:type\" content=\"article\" \/>\n<meta property=\"og:title\" content=\"Le blog de My 365 - My 2018 arrive !!!\" \/>\n<meta property=\"og:description\" content=\"Aujourd&rsquo;hui, c&rsquo;est le GRAND JOUR ! Apr\u00e8s des mois de pr\u00e9paration, notre agenda My 2018 (de janvier \u00e0 janvier) est enfin pr\u00eat : le compte \u00e0 rebours est lanc\u00e9 !\" \/>\n<meta property=\"og:url\" content=\"https:\/\/my365.fr\/blog\/2017\/09\/22\/notre-agenda-my-2018-arrive\/\" \/>\n<meta property=\"og:site_name\" content=\"Le blog de My 365\" \/>\n<meta property=\"article:publisher\" content=\"https:\/\/www.facebook.com\/myAgenda365\" \/>\n<meta property=\"article:published_time\" content=\"2017-09-22T13:14:36+00:00\" \/>\n<meta property=\"article:modified_time\" content=\"2019-10-10T08:35:55+00:00\" \/>\n<meta property=\"og:image\" content=\"https:\/\/my365.fr\/blog\/wp-content\/uploads\/2017\/09\/facebook-landing.jpg\" \/>\n\t<meta property=\"og:image:width\" content=\"1200\" \/>\n\t<meta property=\"og:image:height\" content=\"630\" \/>\n\t<meta property=\"og:image:type\" content=\"image\/jpeg\" \/>\n<meta name=\"author\" content=\"Jonas\" \/>\n<meta name=\"twitter:card\" content=\"summary_large_image\" \/>\n<meta name=\"twitter:creator\" content=\"@myAgenda365\" \/>\n<meta name=\"twitter:site\" content=\"@myAgenda365\" \/>\n<meta name=\"twitter:label1\" content=\"\u00c9crit par\" \/>\n\t<meta name=\"twitter:data1\" content=\"Jonas\" \/>\n\t<meta name=\"twitter:label2\" content=\"Dur\u00e9e de lecture estim\u00e9e\" \/>\n\t<meta name=\"twitter:data2\" content=\"1 minute\" \/>\n<script type=\"application\/ld+json\" class=\"yoast-schema-graph\">{\"@context\":\"https:\/\/schema.org\",\"@graph\":[{\"@type\":\"WebPage\",\"@id\":\"https:\/\/my365.fr\/blog\/2017\/09\/22\/notre-agenda-my-2018-arrive\/\",\"url\":\"https:\/\/my365.fr\/blog\/2017\/09\/22\/notre-agenda-my-2018-arrive\/\",\"name\":\"Le blog de My 365 - My 2018 arrive !!!\",\"isPartOf\":{\"@id\":\"https:\/\/my365.fr\/blog\/#website\"},\"primaryImageOfPage\":{\"@id\":\"https:\/\/my365.fr\/blog\/2017\/09\/22\/notre-agenda-my-2018-arrive\/#primaryimage\"},\"image\":{\"@id\":\"https:\/\/my365.fr\/blog\/2017\/09\/22\/notre-agenda-my-2018-arrive\/#primaryimage\"},\"thumbnailUrl\":\"https:\/\/my365.fr\/blog\/wp-content\/uploads\/2017\/09\/facebook-landing.jpg\",\"datePublished\":\"2017-09-22T13:14:36+00:00\",\"dateModified\":\"2019-10-10T08:35:55+00:00\",\"author\":{\"@id\":\"https:\/\/my365.fr\/blog\/#\/schema\/person\/d5facde9c921b1f49293c29426864914\"},\"breadcrumb\":{\"@id\":\"https:\/\/my365.fr\/blog\/2017\/09\/22\/notre-agenda-my-2018-arrive\/#breadcrumb\"},\"inLanguage\":\"fr-FR\",\"potentialAction\":[{\"@type\":\"ReadAction\",\"target\":[\"https:\/\/my365.fr\/blog\/2017\/09\/22\/notre-agenda-my-2018-arrive\/\"]}]},{\"@type\":\"ImageObject\",\"inLanguage\":\"fr-FR\",\"@id\":\"https:\/\/my365.fr\/blog\/2017\/09\/22\/notre-agenda-my-2018-arrive\/#primaryimage\",\"url\":\"https:\/\/my365.fr\/blog\/wp-content\/uploads\/2017\/09\/facebook-landing.jpg\",\"contentUrl\":\"https:\/\/my365.fr\/blog\/wp-content\/uploads\/2017\/09\/facebook-landing.jpg\",\"width\":1200,\"height\":630},{\"@type\":\"BreadcrumbList\",\"@id\":\"https:\/\/my365.fr\/blog\/2017\/09\/22\/notre-agenda-my-2018-arrive\/#breadcrumb\",\"itemListElement\":[{\"@type\":\"ListItem\",\"position\":1,\"name\":\"Accueil\",\"item\":\"https:\/\/my365.fr\/blog\/\"},{\"@type\":\"ListItem\",\"position\":2,\"name\":\"My 2018 arrive !!!\"}]},{\"@type\":\"WebSite\",\"@id\":\"https:\/\/my365.fr\/blog\/#website\",\"url\":\"https:\/\/my365.fr\/blog\/\",\"name\":\"Le blog de My 365\",\"description\":\"\",\"potentialAction\":[{\"@type\":\"SearchAction\",\"target\":{\"@type\":\"EntryPoint\",\"urlTemplate\":\"https:\/\/my365.fr\/blog\/?s={search_term_string}\"},\"query-input\":{\"@type\":\"PropertyValueSpecification\",\"valueRequired\":true,\"valueName\":\"search_term_string\"}}],\"inLanguage\":\"fr-FR\"},{\"@type\":\"Person\",\"@id\":\"https:\/\/my365.fr\/blog\/#\/schema\/person\/d5facde9c921b1f49293c29426864914\",\"name\":\"Jonas\",\"image\":{\"@type\":\"ImageObject\",\"inLanguage\":\"fr-FR\",\"@id\":\"https:\/\/my365.fr\/blog\/#\/schema\/person\/image\/\",\"url\":\"https:\/\/secure.gravatar.com\/avatar\/b25ea21dab59b084c6e5862814bb7980?s=96&d=mm&r=g\",\"contentUrl\":\"https:\/\/secure.gravatar.com\/avatar\/b25ea21dab59b084c6e5862814bb7980?s=96&d=mm&r=g\",\"caption\":\"Jonas\"},\"url\":\"https:\/\/my365.fr\/blog\/author\/jonas\/\"}]}<\/script>\n<!-- \/ Yoast SEO plugin. -->","yoast_head_json":{"title":"Le blog de My 365 - My 2018 arrive !!!","robots":{"index":"index","follow":"follow","max-snippet":"max-snippet:-1","max-image-preview":"max-image-preview:large","max-video-preview":"max-video-preview:-1"},"canonical":"https:\/\/my365.fr\/blog\/2017\/09\/22\/notre-agenda-my-2018-arrive\/","og_locale":"fr_FR","og_type":"article","og_title":"Le blog de My 365 - My 2018 arrive !!!","og_description":"Aujourd&rsquo;hui, c&rsquo;est le GRAND JOUR ! Apr\u00e8s des mois de pr\u00e9paration, notre agenda My 2018 (de janvier \u00e0 janvier) est enfin pr\u00eat : le compte \u00e0 rebours est lanc\u00e9 !","og_url":"https:\/\/my365.fr\/blog\/2017\/09\/22\/notre-agenda-my-2018-arrive\/","og_site_name":"Le blog de My 365","article_publisher":"https:\/\/www.facebook.com\/myAgenda365","article_published_time":"2017-09-22T13:14:36+00:00","article_modified_time":"2019-10-10T08:35:55+00:00","og_image":[{"width":1200,"height":630,"url":"https:\/\/my365.fr\/blog\/wp-content\/uploads\/2017\/09\/facebook-landing.jpg","type":"image\/jpeg"}],"author":"Jonas","twitter_card":"summary_large_image","twitter_creator":"@myAgenda365","twitter_site":"@myAgenda365","twitter_misc":{"\u00c9crit par":"Jonas","Dur\u00e9e de lecture estim\u00e9e":"1 minute"},"schema":{"@context":"https:\/\/schema.org","@graph":[{"@type":"WebPage","@id":"https:\/\/my365.fr\/blog\/2017\/09\/22\/notre-agenda-my-2018-arrive\/","url":"https:\/\/my365.fr\/blog\/2017\/09\/22\/notre-agenda-my-2018-arrive\/","name":"Le blog de My 365 - My 2018 arrive !!!","isPartOf":{"@id":"https:\/\/my365.fr\/blog\/#website"},"primaryImageOfPage":{"@id":"https:\/\/my365.fr\/blog\/2017\/09\/22\/notre-agenda-my-2018-arrive\/#primaryimage"},"image":{"@id":"https:\/\/my365.fr\/blog\/2017\/09\/22\/notre-agenda-my-2018-arrive\/#primaryimage"},"thumbnailUrl":"https:\/\/my365.fr\/blog\/wp-content\/uploads\/2017\/09\/facebook-landing.jpg","datePublished":"2017-09-22T13:14:36+00:00","dateModified":"2019-10-10T08:35:55+00:00","author":{"@id":"https:\/\/my365.fr\/blog\/#\/schema\/person\/d5facde9c921b1f49293c29426864914"},"breadcrumb":{"@id":"https:\/\/my365.fr\/blog\/2017\/09\/22\/notre-agenda-my-2018-arrive\/#breadcrumb"},"inLanguage":"fr-FR","potentialAction":[{"@type":"ReadAction","target":["https:\/\/my365.fr\/blog\/2017\/09\/22\/notre-agenda-my-2018-arrive\/"]}]},{"@type":"ImageObject","inLanguage":"fr-FR","@id":"https:\/\/my365.fr\/blog\/2017\/09\/22\/notre-agenda-my-2018-arrive\/#primaryimage","url":"https:\/\/my365.fr\/blog\/wp-content\/uploads\/2017\/09\/facebook-landing.jpg","contentUrl":"https:\/\/my365.fr\/blog\/wp-content\/uploads\/2017\/09\/facebook-landing.jpg","width":1200,"height":630},{"@type":"BreadcrumbList","@id":"https:\/\/my365.fr\/blog\/2017\/09\/22\/notre-agenda-my-2018-arrive\/#breadcrumb","itemListElement":[{"@type":"ListItem","position":1,"name":"Accueil","item":"https:\/\/my365.fr\/blog\/"},{"@type":"ListItem","position":2,"name":"My 2018 arrive !!!"}]},{"@type":"WebSite","@id":"https:\/\/my365.fr\/blog\/#website","url":"https:\/\/my365.fr\/blog\/","name":"Le blog de My 365","description":"","potentialAction":[{"@type":"SearchAction","target":{"@type":"EntryPoint","urlTemplate":"https:\/\/my365.fr\/blog\/?s={search_term_string}"},"query-input":{"@type":"PropertyValueSpecification","valueRequired":true,"valueName":"search_term_string"}}],"inLanguage":"fr-FR"},{"@type":"Person","@id":"https:\/\/my365.fr\/blog\/#\/schema\/person\/d5facde9c921b1f49293c29426864914","name":"Jonas","image":{"@type":"ImageObject","inLanguage":"fr-FR","@id":"https:\/\/my365.fr\/blog\/#\/schema\/person\/image\/","url":"https:\/\/secure.gravatar.com\/avatar\/b25ea21dab59b084c6e5862814bb7980?s=96&d=mm&r=g","contentUrl":"https:\/\/secure.gravatar.com\/avatar\/b25ea21dab59b084c6e5862814bb7980?s=96&d=mm&r=g","caption":"Jonas"},"url":"https:\/\/my365.fr\/blog\/author\/jonas\/"}]}},"_links":{"self":[{"href":"https:\/\/my365.fr\/blog\/wp-json\/wp\/v2\/posts\/669"}],"collection":[{"href":"https:\/\/my365.fr\/blog\/wp-json\/wp\/v2\/posts"}],"about":[{"href":"https:\/\/my365.fr\/blog\/wp-json\/wp\/v2\/types\/post"}],"author":[{"embeddable":true,"href":"https:\/\/my365.fr\/blog\/wp-json\/wp\/v2\/users\/1"}],"replies":[{"embeddable":true,"href":"https:\/\/my365.fr\/blog\/wp-json\/wp\/v2\/comments?post=669"}],"version-history":[{"count":3,"href":"https:\/\/my365.fr\/blog\/wp-json\/wp\/v2\/posts\/669\/revisions"}],"predecessor-version":[{"id":996,"href":"https:\/\/my365.fr\/blog\/wp-json\/wp\/v2\/posts\/669\/revisions\/996"}],"wp:featuredmedia":[{"embeddable":true,"href":"https:\/\/my365.fr\/blog\/wp-json\/wp\/v2\/media\/671"}],"wp:attachment":[{"href":"https:\/\/my365.fr\/blog\/wp-json\/wp\/v2\/media?parent=669"}],"wp:term":[{"taxonomy":"category","embeddable":true,"href":"https:\/\/my365.fr\/blog\/wp-json\/wp\/v2\/categories?post=669"},{"taxonomy":"post_tag","embeddable":true,"href":"https:\/\/my365.fr\/blog\/wp-json\/wp\/v2\/tags?post=669"}],"curies":[{"name":"wp","href":"https:\/\/api.w.org\/{rel}","templated":true}]}}