{"id":622,"date":"2017-08-31T23:29:01","date_gmt":"2017-08-31T22:29:01","guid":{"rendered":"https:\/\/my365.fr\/blog\/?p=622"},"modified":"2021-04-08T09:00:43","modified_gmt":"2021-04-08T08:00:43","slug":"defi-consommer-local","status":"publish","type":"post","link":"https:\/\/my365.fr\/blog\/2017\/08\/31\/defi-consommer-local\/","title":{"rendered":"D\u00e9fi n\u00b09 : consommer local"},"content":{"rendered":"\n<blockquote class=\"wp-block-quote is-layout-flow wp-block-quote-is-layout-flow\"><p><em><strong>Connaissez-vous les producteurs de votre r\u00e9gion ? Pour chacun de vos achats, essayez de choisir au plus proche : votre ville, votre r\u00e9gion, votre pays\u2026 Et pour les plus motiv\u00e9s : option bio + de saison.<\/strong><\/em><\/p><\/blockquote>\n\n\n\n<!--more-->\n\n\n<p><!--more--><\/p>\n<p>Ce d\u00e9fi est issu de My 2017, notre agenda de janvier \u00e0 janvier (\u00e9puis\u00e9). Comme chaque mois, nous vous proposons un article de blog pour d\u00e9velopper le concept, aller plus loin et nous vous proposons de partager vos exp\u00e9riences en commentaire. Pour d\u00e9couvrir nos autres agendas, RDV dans <a href=\"https:\/\/my365.fr\/boutique\" target=\"_blank\" rel=\"noopener noreferrer\">dans notre boutique<\/a> (et dans le cadre de cet article, nous ne sommes pas peu fiers de pr\u00e9ciser que tous nos produits sont fabriqu\u00e9s en France).<\/p>\n<h1>Pourquoi consommer local ?<\/h1>\n<ul>\n<li style=\"margin: 15px 0;\"><b>De meilleurs produits<\/b><b><br \/><\/b>Les fruits et l\u00e9gumes locaux sont des produits plus frais et donc plus riches en vitamines et nutriments. Ils auront tr\u00e8s probablement aussi plus de go\u00fbt car ils auront \u00e9t\u00e9 r\u00e9colt\u00e9s \u00e0 maturit\u00e9 !!! On n\u2019y pense pas toujours mais lorsqu\u2019un produit est r\u00e9colt\u00e9 \u00e0 l\u2019autre bout du monde (ou du pays) il est g\u00e9n\u00e9ralement cueilli avant sa maturit\u00e9 afin de supporter le transport. Alors aussi bien pour notre \u00e9quilibre alimentaire que pour nos papilles, les circuits courts c\u2019est le top !<\/li>\n<li><b>De meilleurs produits<\/b><strong> (bis)<\/strong><br \/>Acheter un produit fabriqu\u00e9 localement (\u00e0 l&rsquo;\u00e9chelle de notre r\u00e9gion ou en France) est en g\u00e9n\u00e9ral synonyme de qualit\u00e9, de respect des normes (fran\u00e7aises et europ\u00e9ennes) et nous procure l\u2019assurance que le produit a \u00e9t\u00e9 fabriqu\u00e9 selon des normes sociales respectueuses des salari\u00e9s (ce qui est particuli\u00e8rement critique dans l&rsquo;industrie textile, entre autres; rappelez-vous la catastrophe du Rana Plaza (1)).<\/li>\n<li style=\"margin: 15px 0;\"><b>Moins de CO2 (entre autres polluants)<\/b><b><br \/><\/b>Contrairement \u00e0 ce que certains lobbies aimeraient faire croire, le secteur des transports de marchandises est bien le premier en terme d\u2019\u00e9missions de CO2 en France (2)(3). Alors r\u00e9duire le nombre de kilom\u00e8tres entre le producteur et le consommateur permet simplement et concr\u00e8tement de faire baisser la pollution de l\u2019air que nous respirons !<\/li>\n<li style=\"margin: 15px 0;\"><b>Plus d\u2019emploi<\/b><b><br \/><\/b>Un autre point essentiel de la d\u00e9marche est de soutenir le commerce et les entreprises locales. A chaque fois que achetons local nous soutenons l\u2019ensemble de l\u2019\u00e9conomie locale. En effet, une entreprise locale fait \u00e9videmment travailler ses employ\u00e9s, mais fait aussi appel \u00e0 d\u2019autres entreprises locales (fournitures, maintenance, nettoyage, s\u00e9curit\u00e9, comptabilit\u00e9, \u2026). Et pour finir une entreprise locale paye des imp\u00f4ts au niveau local\u2026 dont une partie est r\u00e9investie au niveau local. La boucle est boucl\u00e9e !<\/li>\n<\/ul>\n<h1>Comment consommer local ?<\/h1>\n<p>Dans le domaine alimentaire, les options sont nombreuses !<b><br \/><\/b><\/p>\n<ul>\n<li style=\"margin: 20px 0;\"><b>Les AMAP<br \/><\/b>Les Associations pour le Maintien de l\u2019Agriculture Paysanne permettent au consommateur de s\u2019approvisionner directement chez le producteur (fruits, l\u00e9gumes, produits de la ferme\u2026) par le biais de paniers (souvent bio).<br \/>&gt; <a href=\"http:\/\/www.reseau-amap.org\/recherche-amap.php\" target=\"_blank\" rel=\"noopener noreferrer\">Trouver une AMAP<\/a> dans votre d\u00e9partement.<a href=\"http:\/\/www.reseau-amap.org\/recherche-amap.php\" target=\"_blank\" rel=\"noopener noreferrer\"><br \/><\/a><\/li>\n<li style=\"margin: 20px 0;\"><strong>Les magasins de producteurs, les ventes \u00e0 la ferme, les paniers&#8230;<\/strong><br \/>Ils permettent de supprimer un bon nombre d\u2019interm\u00e9diaires entre le consommateur et le producteur.<br \/>&gt; Vous pouvez acheter vos produits sur des sites comme <a href=\"https:\/\/locavor.fr\/\" target=\"_blank\" rel=\"noopener noreferrer\">Locavor<\/a> et le <a href=\"http:\/\/www.drive-fermier.fr\/\" target=\"_blank\" rel=\"noopener noreferrer\">Drive fermier<\/a> ou encore rechercher <a href=\"http:\/\/www.magasin-de-producteurs.fr\/\" target=\"_blank\" rel=\"noopener noreferrer\">un magasin de producteurs dans votre r\u00e9gion<\/a>.<a href=\"https:\/\/locavor.fr\/\" target=\"_blank\" rel=\"noopener noreferrer\"><br \/><\/a><\/li>\n<li style=\"margin: 20px 0;\"><strong>Les march\u00e9s de producteurs<\/strong><br \/>Le march\u00e9 est \u00e9videmment le lieu id\u00e9al pour trouver des aliments produits localement.<br \/>&gt; <a href=\"http:\/\/www.jours-de-marche.fr\/\" target=\"_blank\" rel=\"noopener noreferrer\">Trouver un march\u00e9<\/a> dans votre d\u00e9partement.<\/li>\n<li style=\"margin: 20px 0;\"><strong>Au supermarch\u00e9<\/strong><br \/>De plus en plus de produits affichent des informations sur leur provenance<br \/>\u00abproduit en france\u00bb, \u00abproduit en Bretagne\u00bb, \u00abbl\u00e9 fran\u00e7ais\u00bb&#8230; En \u00e9tant attentifs on peut privil\u00e9gier de nombreux produits locaux, m\u00eame dans la grande distribution.<br \/>Certaines enseignes ont m\u00eame des rayons d\u00e9di\u00e9s aux produits locaux&#8230;<\/li>\n<\/ul>\n<h1>Et pour les produits non-alimentaires ?<\/h1>\n<p>Le d\u00e9fi prend une autre ampleur lorsqu\u2019on s\u2019attaque aux produits non-alimentaires !<\/p>\n<p>Le marquage de l\u2019origine \u00e9tant facultatif (4), de nombreux produits n\u2019en font aucune mention.<br \/>Il faut alors chercher les indices, scruter les emballages, questionner les vendeurs et pourquoi pas m\u00eame interroger directement les marques pour en avoir le coeur net. On prend rapidement l\u2019habitude d\u2019aller chercher l\u2019information sur tous les produits que l\u2019on croise.<\/p>\n<p>Dans le cas o\u00f9 aucune mention d\u2019origine n\u2019est indiqu\u00e9e sur un produit, on peut souvent conclure qu\u2019il n\u2019est pas fabriqu\u00e9 en France (car en g\u00e9n\u00e9ral, une marque ne se prive pas d\u2019utiliser l\u2019argument).<\/p>\n<p>Pour \u00eatre s\u00fbr de l\u2019origine d\u2019un produit, la solution la plus simple reste sans doute de faire appel \u00e0 un artisan local ou de se fournir chez une marque jouant la carte de la fabrication fran\u00e7aise. Hormis pour les produits \u00e9lectroniques, de nombreuses enseignes proposent une multitude de produits made in France : des <a href=\"https:\/\/www.labelletrottinette.com\/\" target=\"_blank\" rel=\"noopener noreferrer\">trotinettes<\/a> aux <a href=\"https:\/\/www.leslipfrancais.fr\/\" target=\"_blank\" rel=\"noopener noreferrer\">slips<\/a>, en passant par les <a href=\"https:\/\/www.aigle.com\" target=\"_blank\" rel=\"noopener noreferrer\">bottes<\/a> (5), la <a href=\"https:\/\/www.palomacasile.com\/\" target=\"_blank\" rel=\"noopener noreferrer\">lingerie<\/a>, les <a href=\"http:\/\/www.letricolore.fr\/\" target=\"_blank\" rel=\"noopener noreferrer\">pulls<\/a>, les <a href=\"https:\/\/www.laulhere-store.com\/\" target=\"_blank\" rel=\"noopener noreferrer\">b\u00e9rets<\/a>, les <a href=\"https:\/\/www.opinel.com\/\" target=\"_blank\" rel=\"noopener noreferrer\">couteaux<\/a>, les <a href=\"https:\/\/www.lesjouetsfrancais.fr\" target=\"_blank\" rel=\"noopener noreferrer\">jouets<\/a>, les <a href=\"https:\/\/www.ungrandmarche.fr\/boutique\/atelier-au-fil-des-jours\" target=\"_blank\" rel=\"noopener noreferrer\">v\u00eatement pour Barbie<\/a>, les <a href=\"http:\/\/www.naonedeyewear.bzh\/\" target=\"_blank\" rel=\"noopener noreferrer\">lunettes<\/a>, les <a href=\"http:\/\/www.leparfait.fr\/\" target=\"_blank\" rel=\"noopener noreferrer\">bocaux<\/a>, les <a href=\"http:\/\/www.gobilab.com\/\" target=\"_blank\" rel=\"noopener noreferrer\">gourdes<\/a>, les <a href=\"http:\/\/www.mfdc.fr\" target=\"_blank\" rel=\"noopener noreferrer\">v\u00e9los<\/a>, les cahiers, les crayons\u2026 Bref, ces produits sont certes en g\u00e9n\u00e9ral plus chers que leurs \u00e9quivalents made in China, mais leur dur\u00e9e de vie sera tr\u00e8s probablement aussi beaucoup plus longue.<\/p>\n<p>D\u2019autres marques fran\u00e7aises comme Petit Bateau fabriquent seulement une partie (20%) de leurs produits en France (6). Il convient alors de bien lire les \u00e9tiquettes pour savoir ce que l\u2019on ach\u00e8te\u2026<\/p>\n<p>La question du lieu de fabrication devrait aussi se poser lorsque l\u2019on ach\u00e8te une voiture. Il faut par exemple savoir que certains mod\u00e8les sont enti\u00e8rement fabriqu\u00e9s en France (7), comme la Renault ZOE ou la Toyota Yaris, alors que Volkswagen ne produit aucune voiture en France (en plus de truquer les \u00e9missions de ses mod\u00e8les) !<\/p>\n<h1>Et pour les fournitures scolaires ?<\/h1>\n<p>En cherchant un peu, on trouve \u00e0 peu pr\u00e8s l\u2019ensemble des fournitures scolaires \u201cmade in France\u201d, <a href=\"http:\/\/www.arboiserie.com\/\" target=\"_blank\" rel=\"noopener noreferrer\">r\u00e8gles<\/a>, <a href=\"http:\/\/www.colles-cleopatre.com\/fr\/41-colle-papier-cleopatre\" target=\"_blank\" rel=\"noopener noreferrer\">colles<\/a>, <a href=\"http:\/\/fr.maped.com\/fr_fr\/les-produits\/technic.html\" target=\"_blank\" rel=\"noopener noreferrer\">gommes<\/a>, <a href=\"http:\/\/fr.maped.com\/fr_fr\/origin.html\" target=\"_blank\" rel=\"noopener noreferrer\">compas<\/a>, stylos, cahiers\u2026 (attention certaines marques comme Mapped fabriquent seulement une partie de leurs produits en France) Seuls les ciseaux ne semblent plus du tout \u00eatre fabriqu\u00e9s en France&#8230;<\/p>\n<p>Une partie de ces fournitures est disponible en grande surface (Bic, Mapped, Clairefontaine, Oxford&#8230;), une autre partie sera disponible en magasin sp\u00e9cialis\u00e9 ou sur la s\u00e9lection de la boutique en ligne <a href=\"http:\/\/www.toutallantvert.com\/fabrique-en-france-et-ecolo-fourniture-scolaire-made-in-france-u-203_204.html\" target=\"_blank\" rel=\"noopener noreferrer\">Tout Allant Vert<\/a>.<\/p>\n<h1>La semaine Bio et local<\/h1>\n<p><a href=\"http:\/\/bioetlocal.org\/carte-des-evenements-2\/\" target=\"_blank\" rel=\"noopener noreferrer\"><img loading=\"lazy\" decoding=\"async\" class=\"alignnone wp-image-626 size-full\" src=\"https:\/\/my365.fr\/blog\/wp-content\/uploads\/2017\/08\/bannie\u0300re-web-mbel-2017.png\" alt=\"Manger bio et consommer local : du 16 au 24 septembre, rendez-vous avec les producteurs bio pr\u00e8s de chez vous\" width=\"657\" height=\"260\" srcset=\"https:\/\/my365.fr\/blog\/wp-content\/uploads\/2017\/08\/bannie\u0300re-web-mbel-2017.png 657w, https:\/\/my365.fr\/blog\/wp-content\/uploads\/2017\/08\/bannie\u0300re-web-mbel-2017-300x119.png 300w\" sizes=\"(max-width: 709px) 85vw, (max-width: 909px) 67vw, (max-width: 984px) 61vw, (max-width: 1362px) 45vw, 600px\" \/><\/a><\/p>\n<p>Ca vous dirait de rencontrer des producteurs pr\u00e8s de chez vous ?<br \/>La F\u00e9d\u00e9ration Nationale d\u2019Agriculture Biologique vous propose <a href=\"http:\/\/bioetlocal.org\/carte-des-evenements-2\/\" target=\"_blank\" rel=\"noopener noreferrer\">plus de 500 \u00e9v\u00e9nements du 16 au 24 septembre<\/a>.<\/p>\n<h1>\u00cates-vous pr\u00eats \u00e0 tenter l&rsquo;aventure ?<\/h1>\n<p>Consommer local n\u00e9cessite de faire quelques efforts mais avec un peu de bonne volont\u00e9 et un peu d&rsquo;entra\u00eenement c&rsquo;est facile. L&rsquo;id\u00e9e n&rsquo;est pas de devenir un Ayatollah du circuit court ou de consommer 100% local, mais plut\u00f4t de prendre en compte l&rsquo;origine des produit lors de notre acte d&rsquo;achat&#8230; d&rsquo;acheter en toute connaissance de cause et de comprendre les diff\u00e9rences (de prix ou de qualit\u00e9 par exemple) entre deux produits. En r\u00e9fl\u00e9chissant \u00e0 l&rsquo;origine des produits que j&rsquo;ach\u00e8te, j&rsquo;ai l&rsquo;occasion de soutenir l&rsquo;\u00e9conomie locale (mon emploi et celui de mon voisin !), d&rsquo;acheter durable plut\u00f4t que jetable et ainsi poser ma pierre pour donner la direction que je souhaite \u00e0 la soci\u00e9t\u00e9.<\/p>\n<h4>R\u00e9f\u00e9rences<\/h4>\n<ol>\n<li>L&rsquo;effondrement du Rana Plaza<br \/><a href=\"https:\/\/fr.wikipedia.org\/wiki\/Effondrement_du_Rana_Plaza\" target=\"_blank\" rel=\"noopener noreferrer\">https:\/\/fr.wikipedia.org\/wiki\/Effondrement_du_Rana_Plaza<\/a><\/li>\n<li style=\"margin: 15px 0;\">Emissions de gaz \u00e0 effet de serre par secteur en France<br \/><a href=\"http:\/\/www.statistiques.developpement-durable.gouv.fr\/lessentiel\/ar\/199\/1080\/emissions-gaz-effet-serre-secteur-france.html\" target=\"_blank\" rel=\"noopener noreferrer\">http:\/\/www.statistiques.developpement-durable.gouv.fr\/lessentiel\/ar\/199\/1080\/emissions-gaz-effet-serre-secteur-france.html<\/a><\/li>\n<li style=\"margin: 15px 0;\">Emissions de gaz \u00e0 effet de serre des transports<br \/><a href=\"http:\/\/www.statistiques.developpement-durable.gouv.fr\/lessentiel\/ar\/361\/1228\/emissions-gaz-effet-serre-transports.html\" target=\"_blank\" rel=\"noopener noreferrer\">http:\/\/www.statistiques.developpement-durable.gouv.fr\/lessentiel\/ar\/361\/1228\/emissions-gaz-effet-serre-transports.html<\/a><\/li>\n<li style=\"margin: 15px 0;\">Que signifie la mention \u00ab\u00a0Fabriqu\u00e9 en France\u00a0\u00bb ?<br \/><a href=\"https:\/\/www.economie.gouv.fr\/cedef\/fabrique-en-france\" target=\"_blank\" rel=\"noopener noreferrer\">https:\/\/www.economie.gouv.fr\/cedef\/fabrique-en-france<\/a><\/li>\n<li style=\"margin: 15px 0;\">Bottes Aigle, les seuls produits de la marque qui soient fabriqu\u00e9s en France<br \/><a href=\"http:\/\/www.lafabriquehexagonale.com\/2014\/01\/bottes-aigle-les-seuls-produits-de-la-marque-qui-soient-fabriques-en-france\/\" target=\"_blank\" rel=\"noopener noreferrer\">http:\/\/www.lafabriquehexagonale.com\/2014\/01\/bottes-aigle-les-seuls-produits-de-la-marque-qui-soient-fabriques-en-france\/<\/a><\/li>\n<li style=\"margin: 15px 0;\">Petit Bateau, 80 % au Maghreb, 20 % en France (2013)<br \/><a href=\"https:\/\/www.quechoisir.org\/actualite-made-in-france-une-marque-nous-mene-en-bateau-n8765\/\" target=\"_blank\" rel=\"noopener noreferrer\">https:\/\/www.quechoisir.org\/actualite-made-in-france-une-marque-nous-mene-en-bateau-n8765\/<\/a><\/li>\n<li style=\"margin: 15px 0;\">Les voitures made in France<br \/><a href=\"http:\/\/les-petits-francais.com\/voitures-made-in-france\/\" target=\"_blank\" rel=\"noopener noreferrer\">http:\/\/les-petits-francais.com\/voitures-made-in-france\/<\/a><\/li>\n<\/ol>\n<p>Photo by <a href=\"https:\/\/unsplash.com\/photos\/gwT4rs_xlUA\" target=\"_blank\" rel=\"noopener noreferrer\">Vince Lee<\/a><\/p>","protected":false},"excerpt":{"rendered":"<p>Connaissez-vous les producteurs de votre r\u00e9gion ? Pour chacun de vos achats, essayez de choisir au plus proche : votre ville, votre r\u00e9gion, votre pays\u2026 Et pour les plus motiv\u00e9s : option bio + de saison.<\/p>\n","protected":false},"author":1,"featured_media":642,"comment_status":"open","ping_status":"open","sticky":false,"template":"","format":"standard","meta":{"footnotes":""},"categories":[2],"tags":[35,101,31,102,30],"class_list":["post-622","post","type-post","status-publish","format-standard","has-post-thumbnail","hentry","category-defis","tag-amap","tag-consommer-local","tag-legumes","tag-made-in-france","tag-manger-de-saison"],"yoast_head":"<!-- This site is optimized with the Yoast SEO plugin v23.7 - https:\/\/yoast.com\/wordpress\/plugins\/seo\/ -->\n<title>Le blog de My 365 - D\u00e9fi n\u00b09 : consommer local<\/title>\n<meta name=\"description\" content=\"Connaissez-vous les producteurs de votre r\u00e9gion ? Pour consommer local, essayez de choisir au plus proche : votre ville, votre r\u00e9gion, votre pays\u2026\" \/>\n<meta name=\"robots\" content=\"index, follow, max-snippet:-1, max-image-preview:large, max-video-preview:-1\" \/>\n<link rel=\"canonical\" href=\"https:\/\/my365.fr\/blog\/2017\/08\/31\/defi-consommer-local\/\" \/>\n<meta property=\"og:locale\" content=\"fr_FR\" \/>\n<meta property=\"og:type\" content=\"article\" \/>\n<meta property=\"og:title\" content=\"Le blog de My 365 - D\u00e9fi n\u00b09 : consommer local\" \/>\n<meta property=\"og:description\" content=\"Connaissez-vous les producteurs de votre r\u00e9gion ? Pour consommer local, essayez de choisir au plus proche : votre ville, votre r\u00e9gion, votre pays\u2026\" \/>\n<meta property=\"og:url\" content=\"https:\/\/my365.fr\/blog\/2017\/08\/31\/defi-consommer-local\/\" \/>\n<meta property=\"og:site_name\" content=\"Le blog de My 365\" \/>\n<meta property=\"article:publisher\" content=\"https:\/\/www.facebook.com\/myAgenda365\" \/>\n<meta property=\"article:published_time\" content=\"2017-08-31T22:29:01+00:00\" \/>\n<meta property=\"article:modified_time\" content=\"2021-04-08T08:00:43+00:00\" \/>\n<meta property=\"og:image\" content=\"https:\/\/my365.fr\/blog\/wp-content\/uploads\/2017\/08\/vince-lee-199076.jpg\" \/>\n\t<meta property=\"og:image:width\" content=\"4180\" \/>\n\t<meta property=\"og:image:height\" content=\"2787\" \/>\n\t<meta property=\"og:image:type\" content=\"image\/jpeg\" \/>\n<meta name=\"author\" content=\"Jonas\" \/>\n<meta name=\"twitter:card\" content=\"summary_large_image\" \/>\n<meta name=\"twitter:creator\" content=\"@myAgenda365\" \/>\n<meta name=\"twitter:site\" content=\"@myAgenda365\" \/>\n<meta name=\"twitter:label1\" content=\"\u00c9crit par\" \/>\n\t<meta name=\"twitter:data1\" content=\"Jonas\" \/>\n\t<meta name=\"twitter:label2\" content=\"Dur\u00e9e de lecture estim\u00e9e\" \/>\n\t<meta name=\"twitter:data2\" content=\"7 minutes\" \/>\n<script type=\"application\/ld+json\" class=\"yoast-schema-graph\">{\"@context\":\"https:\/\/schema.org\",\"@graph\":[{\"@type\":\"WebPage\",\"@id\":\"https:\/\/my365.fr\/blog\/2017\/08\/31\/defi-consommer-local\/\",\"url\":\"https:\/\/my365.fr\/blog\/2017\/08\/31\/defi-consommer-local\/\",\"name\":\"Le blog de My 365 - D\u00e9fi n\u00b09 : consommer local\",\"isPartOf\":{\"@id\":\"https:\/\/my365.fr\/blog\/#website\"},\"primaryImageOfPage\":{\"@id\":\"https:\/\/my365.fr\/blog\/2017\/08\/31\/defi-consommer-local\/#primaryimage\"},\"image\":{\"@id\":\"https:\/\/my365.fr\/blog\/2017\/08\/31\/defi-consommer-local\/#primaryimage\"},\"thumbnailUrl\":\"https:\/\/my365.fr\/blog\/wp-content\/uploads\/2017\/08\/vince-lee-199076.jpg\",\"datePublished\":\"2017-08-31T22:29:01+00:00\",\"dateModified\":\"2021-04-08T08:00:43+00:00\",\"author\":{\"@id\":\"https:\/\/my365.fr\/blog\/#\/schema\/person\/d5facde9c921b1f49293c29426864914\"},\"description\":\"Connaissez-vous les producteurs de votre r\u00e9gion ? Pour consommer local, essayez de choisir au plus proche : votre ville, votre r\u00e9gion, votre pays\u2026\",\"breadcrumb\":{\"@id\":\"https:\/\/my365.fr\/blog\/2017\/08\/31\/defi-consommer-local\/#breadcrumb\"},\"inLanguage\":\"fr-FR\",\"potentialAction\":[{\"@type\":\"ReadAction\",\"target\":[\"https:\/\/my365.fr\/blog\/2017\/08\/31\/defi-consommer-local\/\"]}]},{\"@type\":\"ImageObject\",\"inLanguage\":\"fr-FR\",\"@id\":\"https:\/\/my365.fr\/blog\/2017\/08\/31\/defi-consommer-local\/#primaryimage\",\"url\":\"https:\/\/my365.fr\/blog\/wp-content\/uploads\/2017\/08\/vince-lee-199076.jpg\",\"contentUrl\":\"https:\/\/my365.fr\/blog\/wp-content\/uploads\/2017\/08\/vince-lee-199076.jpg\",\"width\":4180,\"height\":2787,\"caption\":\"Tomates\"},{\"@type\":\"BreadcrumbList\",\"@id\":\"https:\/\/my365.fr\/blog\/2017\/08\/31\/defi-consommer-local\/#breadcrumb\",\"itemListElement\":[{\"@type\":\"ListItem\",\"position\":1,\"name\":\"Accueil\",\"item\":\"https:\/\/my365.fr\/blog\/\"},{\"@type\":\"ListItem\",\"position\":2,\"name\":\"D\u00e9fi n\u00b09 : consommer local\"}]},{\"@type\":\"WebSite\",\"@id\":\"https:\/\/my365.fr\/blog\/#website\",\"url\":\"https:\/\/my365.fr\/blog\/\",\"name\":\"Le blog de My 365\",\"description\":\"\",\"potentialAction\":[{\"@type\":\"SearchAction\",\"target\":{\"@type\":\"EntryPoint\",\"urlTemplate\":\"https:\/\/my365.fr\/blog\/?s={search_term_string}\"},\"query-input\":{\"@type\":\"PropertyValueSpecification\",\"valueRequired\":true,\"valueName\":\"search_term_string\"}}],\"inLanguage\":\"fr-FR\"},{\"@type\":\"Person\",\"@id\":\"https:\/\/my365.fr\/blog\/#\/schema\/person\/d5facde9c921b1f49293c29426864914\",\"name\":\"Jonas\",\"image\":{\"@type\":\"ImageObject\",\"inLanguage\":\"fr-FR\",\"@id\":\"https:\/\/my365.fr\/blog\/#\/schema\/person\/image\/\",\"url\":\"https:\/\/secure.gravatar.com\/avatar\/b25ea21dab59b084c6e5862814bb7980?s=96&d=mm&r=g\",\"contentUrl\":\"https:\/\/secure.gravatar.com\/avatar\/b25ea21dab59b084c6e5862814bb7980?s=96&d=mm&r=g\",\"caption\":\"Jonas\"},\"url\":\"https:\/\/my365.fr\/blog\/author\/jonas\/\"}]}<\/script>\n<!-- \/ Yoast SEO plugin. -->","yoast_head_json":{"title":"Le blog de My 365 - D\u00e9fi n\u00b09 : consommer local","description":"Connaissez-vous les producteurs de votre r\u00e9gion ? Pour consommer local, essayez de choisir au plus proche : votre ville, votre r\u00e9gion, votre pays\u2026","robots":{"index":"index","follow":"follow","max-snippet":"max-snippet:-1","max-image-preview":"max-image-preview:large","max-video-preview":"max-video-preview:-1"},"canonical":"https:\/\/my365.fr\/blog\/2017\/08\/31\/defi-consommer-local\/","og_locale":"fr_FR","og_type":"article","og_title":"Le blog de My 365 - D\u00e9fi n\u00b09 : consommer local","og_description":"Connaissez-vous les producteurs de votre r\u00e9gion ? Pour consommer local, essayez de choisir au plus proche : votre ville, votre r\u00e9gion, votre pays\u2026","og_url":"https:\/\/my365.fr\/blog\/2017\/08\/31\/defi-consommer-local\/","og_site_name":"Le blog de My 365","article_publisher":"https:\/\/www.facebook.com\/myAgenda365","article_published_time":"2017-08-31T22:29:01+00:00","article_modified_time":"2021-04-08T08:00:43+00:00","og_image":[{"width":4180,"height":2787,"url":"https:\/\/my365.fr\/blog\/wp-content\/uploads\/2017\/08\/vince-lee-199076.jpg","type":"image\/jpeg"}],"author":"Jonas","twitter_card":"summary_large_image","twitter_creator":"@myAgenda365","twitter_site":"@myAgenda365","twitter_misc":{"\u00c9crit par":"Jonas","Dur\u00e9e de lecture estim\u00e9e":"7 minutes"},"schema":{"@context":"https:\/\/schema.org","@graph":[{"@type":"WebPage","@id":"https:\/\/my365.fr\/blog\/2017\/08\/31\/defi-consommer-local\/","url":"https:\/\/my365.fr\/blog\/2017\/08\/31\/defi-consommer-local\/","name":"Le blog de My 365 - D\u00e9fi n\u00b09 : consommer local","isPartOf":{"@id":"https:\/\/my365.fr\/blog\/#website"},"primaryImageOfPage":{"@id":"https:\/\/my365.fr\/blog\/2017\/08\/31\/defi-consommer-local\/#primaryimage"},"image":{"@id":"https:\/\/my365.fr\/blog\/2017\/08\/31\/defi-consommer-local\/#primaryimage"},"thumbnailUrl":"https:\/\/my365.fr\/blog\/wp-content\/uploads\/2017\/08\/vince-lee-199076.jpg","datePublished":"2017-08-31T22:29:01+00:00","dateModified":"2021-04-08T08:00:43+00:00","author":{"@id":"https:\/\/my365.fr\/blog\/#\/schema\/person\/d5facde9c921b1f49293c29426864914"},"description":"Connaissez-vous les producteurs de votre r\u00e9gion ? Pour consommer local, essayez de choisir au plus proche : votre ville, votre r\u00e9gion, votre pays\u2026","breadcrumb":{"@id":"https:\/\/my365.fr\/blog\/2017\/08\/31\/defi-consommer-local\/#breadcrumb"},"inLanguage":"fr-FR","potentialAction":[{"@type":"ReadAction","target":["https:\/\/my365.fr\/blog\/2017\/08\/31\/defi-consommer-local\/"]}]},{"@type":"ImageObject","inLanguage":"fr-FR","@id":"https:\/\/my365.fr\/blog\/2017\/08\/31\/defi-consommer-local\/#primaryimage","url":"https:\/\/my365.fr\/blog\/wp-content\/uploads\/2017\/08\/vince-lee-199076.jpg","contentUrl":"https:\/\/my365.fr\/blog\/wp-content\/uploads\/2017\/08\/vince-lee-199076.jpg","width":4180,"height":2787,"caption":"Tomates"},{"@type":"BreadcrumbList","@id":"https:\/\/my365.fr\/blog\/2017\/08\/31\/defi-consommer-local\/#breadcrumb","itemListElement":[{"@type":"ListItem","position":1,"name":"Accueil","item":"https:\/\/my365.fr\/blog\/"},{"@type":"ListItem","position":2,"name":"D\u00e9fi n\u00b09 : consommer local"}]},{"@type":"WebSite","@id":"https:\/\/my365.fr\/blog\/#website","url":"https:\/\/my365.fr\/blog\/","name":"Le blog de My 365","description":"","potentialAction":[{"@type":"SearchAction","target":{"@type":"EntryPoint","urlTemplate":"https:\/\/my365.fr\/blog\/?s={search_term_string}"},"query-input":{"@type":"PropertyValueSpecification","valueRequired":true,"valueName":"search_term_string"}}],"inLanguage":"fr-FR"},{"@type":"Person","@id":"https:\/\/my365.fr\/blog\/#\/schema\/person\/d5facde9c921b1f49293c29426864914","name":"Jonas","image":{"@type":"ImageObject","inLanguage":"fr-FR","@id":"https:\/\/my365.fr\/blog\/#\/schema\/person\/image\/","url":"https:\/\/secure.gravatar.com\/avatar\/b25ea21dab59b084c6e5862814bb7980?s=96&d=mm&r=g","contentUrl":"https:\/\/secure.gravatar.com\/avatar\/b25ea21dab59b084c6e5862814bb7980?s=96&d=mm&r=g","caption":"Jonas"},"url":"https:\/\/my365.fr\/blog\/author\/jonas\/"}]}},"_links":{"self":[{"href":"https:\/\/my365.fr\/blog\/wp-json\/wp\/v2\/posts\/622"}],"collection":[{"href":"https:\/\/my365.fr\/blog\/wp-json\/wp\/v2\/posts"}],"about":[{"href":"https:\/\/my365.fr\/blog\/wp-json\/wp\/v2\/types\/post"}],"author":[{"embeddable":true,"href":"https:\/\/my365.fr\/blog\/wp-json\/wp\/v2\/users\/1"}],"replies":[{"embeddable":true,"href":"https:\/\/my365.fr\/blog\/wp-json\/wp\/v2\/comments?post=622"}],"version-history":[{"count":39,"href":"https:\/\/my365.fr\/blog\/wp-json\/wp\/v2\/posts\/622\/revisions"}],"predecessor-version":[{"id":1720,"href":"https:\/\/my365.fr\/blog\/wp-json\/wp\/v2\/posts\/622\/revisions\/1720"}],"wp:featuredmedia":[{"embeddable":true,"href":"https:\/\/my365.fr\/blog\/wp-json\/wp\/v2\/media\/642"}],"wp:attachment":[{"href":"https:\/\/my365.fr\/blog\/wp-json\/wp\/v2\/media?parent=622"}],"wp:term":[{"taxonomy":"category","embeddable":true,"href":"https:\/\/my365.fr\/blog\/wp-json\/wp\/v2\/categories?post=622"},{"taxonomy":"post_tag","embeddable":true,"href":"https:\/\/my365.fr\/blog\/wp-json\/wp\/v2\/tags?post=622"}],"curies":[{"name":"wp","href":"https:\/\/api.w.org\/{rel}","templated":true}]}}