{"id":2082,"date":"2025-05-14T08:43:52","date_gmt":"2025-05-14T07:43:52","guid":{"rendered":"https:\/\/my365.fr\/blog\/?p=2082"},"modified":"2025-05-14T15:09:47","modified_gmt":"2025-05-14T14:09:47","slug":"quels-livres-offrir-pour-la-fete-des-meres","status":"publish","type":"post","link":"https:\/\/my365.fr\/blog\/2025\/05\/14\/quels-livres-offrir-pour-la-fete-des-meres\/","title":{"rendered":"Quels livres offrir pour la f\u00eate des M\u00e8res ?"},"content":{"rendered":"\n<p>Le 25 mai prochain, nous f\u00eaterons la f\u00eate des M\u00e8res. Une belle occasion de mettre \u00e0 l\u2019honneur celles qui nous ont port\u00e9s, \u00e9lev\u00e9s, aim\u00e9s\u2026 \ud83c\udf3c Peut-\u00eatre aussi le moment d\u2019offrir un pr\u00e9sent \u00e0 nos s\u0153urs, nos cousines ou nos amies qui deviennent m\u00e8res. Quels livres offrir pour la f\u00eate des M\u00e8res ?<\/p>\n\n\n\n<p>Pour cela, nous avons choisi 4 livres \u00e0 offrir ou \u00e0 s\u2019offrir, entre \u00e9motions, r\u00e9flexion et puissance des mots. \ud83d\udcda<\/p>\n\n\n\n<h3 class=\"wp-block-heading\"><strong>Un roman, pour suspendre le temps&nbsp;<\/strong><\/h3>\n\n\n\n<p><a href=\"https:\/\/shop.my365.fr\/produit\/la-derniere-allumette\/?utm_source=articlelibrairiefetedesmeres\">La derni\u00e8re allumette, de Marie Vareille<\/a><\/p>\n\n\n\n<figure class=\"wp-block-image size-full is-resized\"><a href=\"https:\/\/shop.my365.fr\/produit\/la-derniere-allumette\/?utm_source=articlelibrairiefetedesmeres\"><img loading=\"lazy\" decoding=\"async\" width=\"800\" height=\"800\" src=\"https:\/\/my365.fr\/blog\/wp-content\/uploads\/2025\/05\/li-var-de-la-derniere-allumette.webp\" alt=\"\" class=\"wp-image-2083\" style=\"width:305px;height:auto\" srcset=\"https:\/\/my365.fr\/blog\/wp-content\/uploads\/2025\/05\/li-var-de-la-derniere-allumette.webp 800w, https:\/\/my365.fr\/blog\/wp-content\/uploads\/2025\/05\/li-var-de-la-derniere-allumette-300x300.webp 300w, https:\/\/my365.fr\/blog\/wp-content\/uploads\/2025\/05\/li-var-de-la-derniere-allumette-150x150.webp 150w, https:\/\/my365.fr\/blog\/wp-content\/uploads\/2025\/05\/li-var-de-la-derniere-allumette-768x768.webp 768w\" sizes=\"(max-width: 709px) 85vw, (max-width: 909px) 67vw, (max-width: 984px) 61vw, (max-width: 1362px) 45vw, 600px\" \/><\/a><\/figure>\n\n\n\n<p><br>Marie Vareille nous offre un roman bouleversant qui m\u00eale secrets de famille, po\u00e9sie et r\u00e9silience. \u00c0 travers l\u2019histoire d\u2019Abiga\u00eblle, recluse dans un couvent depuis vingt ans, et de son fr\u00e8re Gabriel, artiste adul\u00e9 \u00e0 Paris, l\u2019autrice tisse une intrigue, pleine de tension et de silences lourds de sens. Entre pass\u00e9 et pr\u00e9sent, le r\u00e9cit d\u00e9voile peu \u00e0 peu un drame enfoui, d\u00e9non\u00e7ant avec justesse les blessures de l\u2019enfance et la violence familiale. Un roman sensible et puissant, qui serre le c\u0153ur autant qu\u2019il \u00e9claire.<\/p>\n\n\n\n<p>Vous pouvez retrouver notre s\u00e9lection de <a href=\"https:\/\/shop.my365.fr\/categorie\/livres\/litterature\/romans\/\">romans<\/a>, sur notre boutique en ligne.&nbsp;<\/p>\n\n\n\n<h3 class=\"wp-block-heading\"><strong>Des cl\u00e9s pour mieux se comprendre<\/strong><\/h3>\n\n\n\n<p><a href=\"https:\/\/shop.my365.fr\/produit\/la-vie-recommence-a-50-ans\/?utm_source=articlelibrairiefetedesmeres\">La vie (re)commence \u00e0 50 ans, d&rsquo;Anna Murphy<\/a><\/p>\n\n\n\n<figure class=\"wp-block-image size-full is-resized\"><a href=\"https:\/\/shop.my365.fr\/produit\/la-vie-recommence-a-50-ans\/?utm_source=articlelibrairiefetedesmeres\"><img loading=\"lazy\" decoding=\"async\" width=\"800\" height=\"800\" src=\"https:\/\/my365.fr\/blog\/wp-content\/uploads\/2025\/05\/li-col-vie-la-vie-recommence-a-50-ans.png\" alt=\"\" class=\"wp-image-2087\" style=\"width:306px;height:auto\" srcset=\"https:\/\/my365.fr\/blog\/wp-content\/uploads\/2025\/05\/li-col-vie-la-vie-recommence-a-50-ans.png 800w, https:\/\/my365.fr\/blog\/wp-content\/uploads\/2025\/05\/li-col-vie-la-vie-recommence-a-50-ans-300x300.png 300w, https:\/\/my365.fr\/blog\/wp-content\/uploads\/2025\/05\/li-col-vie-la-vie-recommence-a-50-ans-150x150.png 150w, https:\/\/my365.fr\/blog\/wp-content\/uploads\/2025\/05\/li-col-vie-la-vie-recommence-a-50-ans-768x768.png 768w\" sizes=\"(max-width: 709px) 85vw, (max-width: 909px) 67vw, (max-width: 984px) 61vw, (max-width: 1362px) 45vw, 600px\" \/><\/a><\/figure>\n\n\n\n<p><br>Avec une bonne dose d\u2019humour et de lucidit\u00e9, Anna Murphy transforme la cinquantaine en terrain de jeu et d\u2019\u00e9mancipation. Cheveux gris, m\u00e9nopause, amour, relations familiales\u2026 elle aborde tout sans tabou et avec style. Un guide revigorant, dr\u00f4le et inspirant pour faire de cette nouvelle d\u00e9cennie une renaissance \u00e9clatante.<\/p>\n\n\n\n<p>Retrouvez sur notre boutique toute notre s\u00e9lection de livres sur le <a href=\"https:\/\/shop.my365.fr\/categorie\/livres\/bien-etre-sante\/developpement-personnel\/\">d\u00e9veloppement personnel<\/a>. Nous avons aussi un <a href=\"https:\/\/my365.fr\/blog\/2024\/10\/24\/les-5-livres-de-developpement-personnel-essentiels-pour-resoudre-les-insatisfactions-du-quotidien\/\">article d\u00e9di\u00e9<\/a> \u00e0 ce sujet sur notre blog. <\/p>\n\n\n\n<h3 class=\"wp-block-heading\"><strong>Dire la maternit\u00e9, entre force et vuln\u00e9rabilit\u00e9&nbsp;<\/strong><\/h3>\n\n\n\n<p><a href=\"https:\/\/shop.my365.fr\/produit\/etre-mere\/?utm_source=articlelibrairiefetedesmeres\">\u00catre m\u00e8re, d\u2019un collectif de femmes autrices<\/a><\/p>\n\n\n\n<figure class=\"wp-block-image size-full is-resized\"><img loading=\"lazy\" decoding=\"async\" width=\"800\" height=\"800\" src=\"https:\/\/my365.fr\/blog\/wp-content\/uploads\/2025\/05\/li-col-em-etre-mere.webp\" alt=\"\" class=\"wp-image-2085\" style=\"width:295px;height:auto\" srcset=\"https:\/\/my365.fr\/blog\/wp-content\/uploads\/2025\/05\/li-col-em-etre-mere.webp 800w, https:\/\/my365.fr\/blog\/wp-content\/uploads\/2025\/05\/li-col-em-etre-mere-300x300.webp 300w, https:\/\/my365.fr\/blog\/wp-content\/uploads\/2025\/05\/li-col-em-etre-mere-150x150.webp 150w, https:\/\/my365.fr\/blog\/wp-content\/uploads\/2025\/05\/li-col-em-etre-mere-768x768.webp 768w\" sizes=\"(max-width: 709px) 85vw, (max-width: 909px) 67vw, (max-width: 984px) 61vw, (max-width: 1362px) 45vw, 600px\" \/><\/figure>\n\n\n\n<p><br>\u00catre m\u00e8re<strong> <\/strong>est un livre collectif qui l\u00e8ve le voile sur la maternit\u00e9 dans toute sa complexit\u00e9, loin des clich\u00e9s et des injonctions. Sous l\u2019impulsion de Julia Kerninon, sept autrices livrent des textes sinc\u00e8res, puissants, parfois bruts, pour explorer ce que signifie vraiment devenir m\u00e8re : accoucher, allaiter, aimer, douter, apprendre. \u00c0 travers leurs regards crois\u00e9s, elles redonnent une place essentielle \u00e0 cette exp\u00e9rience fondatrice, souvent tue, dans le champ litt\u00e9raire.\u00a0<\/p>\n\n\n\n<p>Retrouvez sur notre boutique toute notre s\u00e9lection de livres sur <a href=\"https:\/\/shop.my365.fr\/categorie\/livres\/vie-pratique\/education-parentalite\/\">la maternit\u00e9 et la parentalit\u00e9<\/a>.<\/p>\n\n\n\n<h3 class=\"wp-block-heading\"><strong>\u00catre m\u00e8re sans renoncer \u00e0 \u00eatre femme<\/strong><\/h3>\n\n\n\n<p><a href=\"https:\/\/shop.my365.fr\/produit\/daronne-et-feministe-grossesse-post-partum-charge-mentale-quand-la-maternite-rend-feministe\/?utm_source=articlelibrairiefetedesmeres\">Daronne et F\u00e9ministe, de Fabienne Lacoude<\/a><\/p>\n\n\n\n<figure class=\"wp-block-image size-full is-resized\"><a href=\"https:\/\/shop.my365.fr\/produit\/daronne-et-feministe-grossesse-post-partum-charge-mentale-quand-la-maternite-rend-feministe\/?utm_source=articlelibrairiefetedesmeres\"><img loading=\"lazy\" decoding=\"async\" width=\"800\" height=\"800\" src=\"https:\/\/my365.fr\/blog\/wp-content\/uploads\/2025\/05\/li-lac-da-daronne-et-feministe-grossesse-post-partum-charge-mentale-quand-la-maternite-rend-feministe.webp\" alt=\"\" class=\"wp-image-2086\" style=\"width:292px;height:auto\" srcset=\"https:\/\/my365.fr\/blog\/wp-content\/uploads\/2025\/05\/li-lac-da-daronne-et-feministe-grossesse-post-partum-charge-mentale-quand-la-maternite-rend-feministe.webp 800w, https:\/\/my365.fr\/blog\/wp-content\/uploads\/2025\/05\/li-lac-da-daronne-et-feministe-grossesse-post-partum-charge-mentale-quand-la-maternite-rend-feministe-300x300.webp 300w, https:\/\/my365.fr\/blog\/wp-content\/uploads\/2025\/05\/li-lac-da-daronne-et-feministe-grossesse-post-partum-charge-mentale-quand-la-maternite-rend-feministe-150x150.webp 150w, https:\/\/my365.fr\/blog\/wp-content\/uploads\/2025\/05\/li-lac-da-daronne-et-feministe-grossesse-post-partum-charge-mentale-quand-la-maternite-rend-feministe-768x768.webp 768w\" sizes=\"(max-width: 709px) 85vw, (max-width: 909px) 67vw, (max-width: 984px) 61vw, (max-width: 1362px) 45vw, 600px\" \/><\/a><\/figure>\n\n\n\n<p><br>Daronne et f\u00e9ministe est un essai incisif qui d\u00e9construit avec humour et clart\u00e9 les mythes entourant la maternit\u00e9. Fabienne Lacoude y aborde des sujets concrets tels que la charge mentale, l\u2019accouchement ou la place du p\u00e8re. Pourquoi les m\u00e8res se retrouvent-elles souvent seules face aux exigences de la parentalit\u00e9 ? Ce livre offre des cl\u00e9s pour comprendre que les difficult\u00e9s maternelles ne sont pas des faiblesses individuelles, mais des enjeux politiques. Un ouvrage indispensable pour toutes celles et ceux qui souhaitent repenser la maternit\u00e9 \u00e0 l\u2019aune du f\u00e9minisme.\u00a0<\/p>\n\n\n\n<p>Retrouvez sur notre boutique toute notre s\u00e9lection de livres sur <a href=\"https:\/\/shop.my365.fr\/categorie\/livres\/culture-societe\/feminisme\/\">le f\u00e9minisme<\/a>.<\/p>\n\n\n\n<p>\ud83d\udc90 Ces livres offrent des regards pr\u00e9cieux sur la maternit\u00e9 et le f\u00e9minin. Un cadeau sensible et juste, \u00e0 glisser entre les mains d\u2019une m\u00e8re, d\u2019une future m\u00e8re&#8230;<\/p>\n\n\n\n<p>\ud83d\udcda Et si vous souhaitez offrir un livre sur une autre th\u00e9matique, retrouvez toutes nos s\u00e9lections de livres sur <a href=\"https:\/\/shop.my365.fr\/categorie\/livres\/\">la boutique en ligne<\/a>.<br><br>#F\u00eateDesM\u00e8res #Id\u00e9eCadeau #OffrirUnLivre #Livre\u00c0Offrir #LectureDuJour #My365 #Roman\u00c0D\u00e9couvrir #Maternit\u00e9 #\u00catreM\u00e8re #DevenirMaman #Parentalit\u00e9 #Maternit\u00e9F\u00e9ministe #ChargeMentale #Sororit\u00e9 #F\u00e9minisme #D\u00e9veloppementPersonnel #PrendreSoinDeSoi #CheminementInt\u00e9rieur #PassionLecture<\/p>\n","protected":false},"excerpt":{"rendered":"<p>Le 25 mai prochain, nous f\u00eaterons la f\u00eate des M\u00e8res. Une belle occasion de mettre \u00e0 l\u2019honneur celles qui nous ont port\u00e9s, \u00e9lev\u00e9s, aim\u00e9s\u2026 \ud83c\udf3c Peut-\u00eatre aussi le moment d\u2019offrir un pr\u00e9sent \u00e0 nos s\u0153urs, nos cousines ou nos amies qui deviennent m\u00e8res. Quels livres offrir pour la f\u00eate des M\u00e8res ? Pour cela, nous &hellip; <a href=\"https:\/\/my365.fr\/blog\/2025\/05\/14\/quels-livres-offrir-pour-la-fete-des-meres\/\" class=\"more-link\">Continuer la lecture<span class=\"screen-reader-text\"> de &laquo;&nbsp;Quels livres offrir pour la f\u00eate des M\u00e8res ?&nbsp;&raquo;<\/span><\/a><\/p>\n","protected":false},"author":12,"featured_media":0,"comment_status":"open","ping_status":"open","sticky":false,"template":"","format":"standard","meta":{"footnotes":""},"categories":[133],"tags":[51,140],"class_list":["post-2082","post","type-post","status-publish","format-standard","hentry","category-librairie","tag-bien-etre","tag-fete-des-meres"],"yoast_head":"<!-- This site is optimized with the Yoast SEO plugin v23.7 - https:\/\/yoast.com\/wordpress\/plugins\/seo\/ -->\n<title>Le blog de My 365 - Quels livres offrir pour la f\u00eate des M\u00e8res ?<\/title>\n<meta name=\"description\" content=\"Nous avons choisi 4 livres \u00e0 offrir pour la f\u00eate des M\u00e8res entre romans, d\u00e9veloppement personnel et f\u00e9minisme.\" \/>\n<meta name=\"robots\" content=\"index, follow, max-snippet:-1, max-image-preview:large, max-video-preview:-1\" \/>\n<link rel=\"canonical\" href=\"https:\/\/my365.fr\/blog\/2025\/05\/14\/quels-livres-offrir-pour-la-fete-des-meres\/\" \/>\n<meta property=\"og:locale\" content=\"fr_FR\" \/>\n<meta property=\"og:type\" content=\"article\" \/>\n<meta property=\"og:title\" content=\"Le blog de My 365 - Quels livres offrir pour la f\u00eate des M\u00e8res ?\" \/>\n<meta property=\"og:description\" content=\"Nous avons choisi 4 livres \u00e0 offrir pour la f\u00eate des M\u00e8res entre romans, d\u00e9veloppement personnel et f\u00e9minisme.\" \/>\n<meta property=\"og:url\" content=\"https:\/\/my365.fr\/blog\/2025\/05\/14\/quels-livres-offrir-pour-la-fete-des-meres\/\" \/>\n<meta property=\"og:site_name\" content=\"Le blog de My 365\" \/>\n<meta property=\"article:publisher\" content=\"https:\/\/www.facebook.com\/myAgenda365\" \/>\n<meta property=\"article:published_time\" content=\"2025-05-14T07:43:52+00:00\" \/>\n<meta property=\"article:modified_time\" content=\"2025-05-14T14:09:47+00:00\" \/>\n<meta property=\"og:image\" content=\"https:\/\/my365.fr\/blog\/wp-content\/uploads\/2025\/05\/li-var-de-la-derniere-allumette.webp\" \/>\n\t<meta property=\"og:image:width\" content=\"800\" \/>\n\t<meta property=\"og:image:height\" content=\"800\" \/>\n\t<meta property=\"og:image:type\" content=\"image\/webp\" \/>\n<meta name=\"author\" content=\"Louise\" \/>\n<meta name=\"twitter:card\" content=\"summary_large_image\" \/>\n<meta name=\"twitter:creator\" content=\"@myAgenda365\" \/>\n<meta name=\"twitter:site\" content=\"@myAgenda365\" \/>\n<meta name=\"twitter:label1\" content=\"\u00c9crit par\" \/>\n\t<meta name=\"twitter:data1\" content=\"Louise\" \/>\n\t<meta name=\"twitter:label2\" content=\"Dur\u00e9e de lecture estim\u00e9e\" \/>\n\t<meta name=\"twitter:data2\" content=\"4 minutes\" \/>\n<script type=\"application\/ld+json\" class=\"yoast-schema-graph\">{\"@context\":\"https:\/\/schema.org\",\"@graph\":[{\"@type\":\"WebPage\",\"@id\":\"https:\/\/my365.fr\/blog\/2025\/05\/14\/quels-livres-offrir-pour-la-fete-des-meres\/\",\"url\":\"https:\/\/my365.fr\/blog\/2025\/05\/14\/quels-livres-offrir-pour-la-fete-des-meres\/\",\"name\":\"Le blog de My 365 - Quels livres offrir pour la f\u00eate des M\u00e8res ?\",\"isPartOf\":{\"@id\":\"https:\/\/my365.fr\/blog\/#website\"},\"primaryImageOfPage\":{\"@id\":\"https:\/\/my365.fr\/blog\/2025\/05\/14\/quels-livres-offrir-pour-la-fete-des-meres\/#primaryimage\"},\"image\":{\"@id\":\"https:\/\/my365.fr\/blog\/2025\/05\/14\/quels-livres-offrir-pour-la-fete-des-meres\/#primaryimage\"},\"thumbnailUrl\":\"https:\/\/my365.fr\/blog\/wp-content\/uploads\/2025\/05\/li-var-de-la-derniere-allumette.webp\",\"datePublished\":\"2025-05-14T07:43:52+00:00\",\"dateModified\":\"2025-05-14T14:09:47+00:00\",\"author\":{\"@id\":\"https:\/\/my365.fr\/blog\/#\/schema\/person\/692cc099666e6a5457a4f6cac6e17e18\"},\"description\":\"Nous avons choisi 4 livres \u00e0 offrir pour la f\u00eate des M\u00e8res entre romans, d\u00e9veloppement personnel et f\u00e9minisme.\",\"breadcrumb\":{\"@id\":\"https:\/\/my365.fr\/blog\/2025\/05\/14\/quels-livres-offrir-pour-la-fete-des-meres\/#breadcrumb\"},\"inLanguage\":\"fr-FR\",\"potentialAction\":[{\"@type\":\"ReadAction\",\"target\":[\"https:\/\/my365.fr\/blog\/2025\/05\/14\/quels-livres-offrir-pour-la-fete-des-meres\/\"]}]},{\"@type\":\"ImageObject\",\"inLanguage\":\"fr-FR\",\"@id\":\"https:\/\/my365.fr\/blog\/2025\/05\/14\/quels-livres-offrir-pour-la-fete-des-meres\/#primaryimage\",\"url\":\"https:\/\/my365.fr\/blog\/wp-content\/uploads\/2025\/05\/li-var-de-la-derniere-allumette.webp\",\"contentUrl\":\"https:\/\/my365.fr\/blog\/wp-content\/uploads\/2025\/05\/li-var-de-la-derniere-allumette.webp\",\"width\":800,\"height\":800},{\"@type\":\"BreadcrumbList\",\"@id\":\"https:\/\/my365.fr\/blog\/2025\/05\/14\/quels-livres-offrir-pour-la-fete-des-meres\/#breadcrumb\",\"itemListElement\":[{\"@type\":\"ListItem\",\"position\":1,\"name\":\"Accueil\",\"item\":\"https:\/\/my365.fr\/blog\/\"},{\"@type\":\"ListItem\",\"position\":2,\"name\":\"Quels livres offrir pour la f\u00eate des M\u00e8res ?\"}]},{\"@type\":\"WebSite\",\"@id\":\"https:\/\/my365.fr\/blog\/#website\",\"url\":\"https:\/\/my365.fr\/blog\/\",\"name\":\"Le blog de My 365\",\"description\":\"\",\"potentialAction\":[{\"@type\":\"SearchAction\",\"target\":{\"@type\":\"EntryPoint\",\"urlTemplate\":\"https:\/\/my365.fr\/blog\/?s={search_term_string}\"},\"query-input\":{\"@type\":\"PropertyValueSpecification\",\"valueRequired\":true,\"valueName\":\"search_term_string\"}}],\"inLanguage\":\"fr-FR\"},{\"@type\":\"Person\",\"@id\":\"https:\/\/my365.fr\/blog\/#\/schema\/person\/692cc099666e6a5457a4f6cac6e17e18\",\"name\":\"Louise\",\"image\":{\"@type\":\"ImageObject\",\"inLanguage\":\"fr-FR\",\"@id\":\"https:\/\/my365.fr\/blog\/#\/schema\/person\/image\/\",\"url\":\"https:\/\/secure.gravatar.com\/avatar\/f751760496af1296c07906621a898e5a?s=96&d=mm&r=g\",\"contentUrl\":\"https:\/\/secure.gravatar.com\/avatar\/f751760496af1296c07906621a898e5a?s=96&d=mm&r=g\",\"caption\":\"Louise\"},\"url\":\"https:\/\/my365.fr\/blog\/author\/louise\/\"}]}<\/script>\n<!-- \/ Yoast SEO plugin. -->","yoast_head_json":{"title":"Le blog de My 365 - Quels livres offrir pour la f\u00eate des M\u00e8res ?","description":"Nous avons choisi 4 livres \u00e0 offrir pour la f\u00eate des M\u00e8res entre romans, d\u00e9veloppement personnel et f\u00e9minisme.","robots":{"index":"index","follow":"follow","max-snippet":"max-snippet:-1","max-image-preview":"max-image-preview:large","max-video-preview":"max-video-preview:-1"},"canonical":"https:\/\/my365.fr\/blog\/2025\/05\/14\/quels-livres-offrir-pour-la-fete-des-meres\/","og_locale":"fr_FR","og_type":"article","og_title":"Le blog de My 365 - Quels livres offrir pour la f\u00eate des M\u00e8res ?","og_description":"Nous avons choisi 4 livres \u00e0 offrir pour la f\u00eate des M\u00e8res entre romans, d\u00e9veloppement personnel et f\u00e9minisme.","og_url":"https:\/\/my365.fr\/blog\/2025\/05\/14\/quels-livres-offrir-pour-la-fete-des-meres\/","og_site_name":"Le blog de My 365","article_publisher":"https:\/\/www.facebook.com\/myAgenda365","article_published_time":"2025-05-14T07:43:52+00:00","article_modified_time":"2025-05-14T14:09:47+00:00","og_image":[{"width":800,"height":800,"url":"https:\/\/my365.fr\/blog\/wp-content\/uploads\/2025\/05\/li-var-de-la-derniere-allumette.webp","type":"image\/webp"}],"author":"Louise","twitter_card":"summary_large_image","twitter_creator":"@myAgenda365","twitter_site":"@myAgenda365","twitter_misc":{"\u00c9crit par":"Louise","Dur\u00e9e de lecture estim\u00e9e":"4 minutes"},"schema":{"@context":"https:\/\/schema.org","@graph":[{"@type":"WebPage","@id":"https:\/\/my365.fr\/blog\/2025\/05\/14\/quels-livres-offrir-pour-la-fete-des-meres\/","url":"https:\/\/my365.fr\/blog\/2025\/05\/14\/quels-livres-offrir-pour-la-fete-des-meres\/","name":"Le blog de My 365 - Quels livres offrir pour la f\u00eate des M\u00e8res ?","isPartOf":{"@id":"https:\/\/my365.fr\/blog\/#website"},"primaryImageOfPage":{"@id":"https:\/\/my365.fr\/blog\/2025\/05\/14\/quels-livres-offrir-pour-la-fete-des-meres\/#primaryimage"},"image":{"@id":"https:\/\/my365.fr\/blog\/2025\/05\/14\/quels-livres-offrir-pour-la-fete-des-meres\/#primaryimage"},"thumbnailUrl":"https:\/\/my365.fr\/blog\/wp-content\/uploads\/2025\/05\/li-var-de-la-derniere-allumette.webp","datePublished":"2025-05-14T07:43:52+00:00","dateModified":"2025-05-14T14:09:47+00:00","author":{"@id":"https:\/\/my365.fr\/blog\/#\/schema\/person\/692cc099666e6a5457a4f6cac6e17e18"},"description":"Nous avons choisi 4 livres \u00e0 offrir pour la f\u00eate des M\u00e8res entre romans, d\u00e9veloppement personnel et f\u00e9minisme.","breadcrumb":{"@id":"https:\/\/my365.fr\/blog\/2025\/05\/14\/quels-livres-offrir-pour-la-fete-des-meres\/#breadcrumb"},"inLanguage":"fr-FR","potentialAction":[{"@type":"ReadAction","target":["https:\/\/my365.fr\/blog\/2025\/05\/14\/quels-livres-offrir-pour-la-fete-des-meres\/"]}]},{"@type":"ImageObject","inLanguage":"fr-FR","@id":"https:\/\/my365.fr\/blog\/2025\/05\/14\/quels-livres-offrir-pour-la-fete-des-meres\/#primaryimage","url":"https:\/\/my365.fr\/blog\/wp-content\/uploads\/2025\/05\/li-var-de-la-derniere-allumette.webp","contentUrl":"https:\/\/my365.fr\/blog\/wp-content\/uploads\/2025\/05\/li-var-de-la-derniere-allumette.webp","width":800,"height":800},{"@type":"BreadcrumbList","@id":"https:\/\/my365.fr\/blog\/2025\/05\/14\/quels-livres-offrir-pour-la-fete-des-meres\/#breadcrumb","itemListElement":[{"@type":"ListItem","position":1,"name":"Accueil","item":"https:\/\/my365.fr\/blog\/"},{"@type":"ListItem","position":2,"name":"Quels livres offrir pour la f\u00eate des M\u00e8res ?"}]},{"@type":"WebSite","@id":"https:\/\/my365.fr\/blog\/#website","url":"https:\/\/my365.fr\/blog\/","name":"Le blog de My 365","description":"","potentialAction":[{"@type":"SearchAction","target":{"@type":"EntryPoint","urlTemplate":"https:\/\/my365.fr\/blog\/?s={search_term_string}"},"query-input":{"@type":"PropertyValueSpecification","valueRequired":true,"valueName":"search_term_string"}}],"inLanguage":"fr-FR"},{"@type":"Person","@id":"https:\/\/my365.fr\/blog\/#\/schema\/person\/692cc099666e6a5457a4f6cac6e17e18","name":"Louise","image":{"@type":"ImageObject","inLanguage":"fr-FR","@id":"https:\/\/my365.fr\/blog\/#\/schema\/person\/image\/","url":"https:\/\/secure.gravatar.com\/avatar\/f751760496af1296c07906621a898e5a?s=96&d=mm&r=g","contentUrl":"https:\/\/secure.gravatar.com\/avatar\/f751760496af1296c07906621a898e5a?s=96&d=mm&r=g","caption":"Louise"},"url":"https:\/\/my365.fr\/blog\/author\/louise\/"}]}},"_links":{"self":[{"href":"https:\/\/my365.fr\/blog\/wp-json\/wp\/v2\/posts\/2082"}],"collection":[{"href":"https:\/\/my365.fr\/blog\/wp-json\/wp\/v2\/posts"}],"about":[{"href":"https:\/\/my365.fr\/blog\/wp-json\/wp\/v2\/types\/post"}],"author":[{"embeddable":true,"href":"https:\/\/my365.fr\/blog\/wp-json\/wp\/v2\/users\/12"}],"replies":[{"embeddable":true,"href":"https:\/\/my365.fr\/blog\/wp-json\/wp\/v2\/comments?post=2082"}],"version-history":[{"count":5,"href":"https:\/\/my365.fr\/blog\/wp-json\/wp\/v2\/posts\/2082\/revisions"}],"predecessor-version":[{"id":2095,"href":"https:\/\/my365.fr\/blog\/wp-json\/wp\/v2\/posts\/2082\/revisions\/2095"}],"wp:attachment":[{"href":"https:\/\/my365.fr\/blog\/wp-json\/wp\/v2\/media?parent=2082"}],"wp:term":[{"taxonomy":"category","embeddable":true,"href":"https:\/\/my365.fr\/blog\/wp-json\/wp\/v2\/categories?post=2082"},{"taxonomy":"post_tag","embeddable":true,"href":"https:\/\/my365.fr\/blog\/wp-json\/wp\/v2\/tags?post=2082"}],"curies":[{"name":"wp","href":"https:\/\/api.w.org\/{rel}","templated":true}]}}