{"id":2020,"date":"2024-07-26T22:22:20","date_gmt":"2024-07-26T21:22:20","guid":{"rendered":"https:\/\/my365.fr\/blog\/?p=2020"},"modified":"2024-10-30T13:07:35","modified_gmt":"2024-10-30T12:07:35","slug":"cette-annee-cest-decide-je-maitrise-mon-budget","status":"publish","type":"post","link":"https:\/\/my365.fr\/blog\/2024\/07\/26\/cette-annee-cest-decide-je-maitrise-mon-budget\/","title":{"rendered":"G\u00e9rer mon budget et ma\u00eetriser mes d\u00e9penses"},"content":{"rendered":"\n<p>Que cela soit pour \u00e9viter les mauvaises surprises, pour gagner en s\u00e9r\u00e9nit\u00e9 et en autonomie, ou encore pour faire avancer les projets de mes r\u00eaves, il y a plein de bonnes raisons de suivre et de g\u00e9rer mon budget.<\/p>\n\n\n\n<p>Afin de nous aider dans cette t\u00e2che dans la nouvelle version de My Agenda, nous avons le plaisir de recevoir <strong><a href=\"https:\/\/www.instagram.com\/la_salade_a_tout\">Marie Duboin<\/a>, autrice de <em>\u00abJ&rsquo;arr\u00eate de surconsommer, 21 jours pour sauver la plan\u00e8te et mon compte en banque ! \u00bb<\/em><\/strong><em>, <\/em>aux \u00e9ditions <em>Eyrolles.<\/em><br><br>Pour compl\u00e9ter cet atelier \u00ab\u00a0G\u00e9rer mon budget\u00a0\u00bb, nous vous proposons de <strong><a href=\"https:\/\/drive.google.com\/drive\/folders\/1_ZloVib7Wg1fshZnxMptLIYzBrU62LaK\">t\u00e9l\u00e9charger ce tableau Excel<\/a><\/strong>. Il contient toutes les formules n\u00e9cessaires pour effectuer automatiquement les calculs !<br><br>Et pour la version papier, il vous suffit de vous procurer un des <a href=\"https:\/\/shop.my365.fr\/categorie\/agendas\"><strong>agendas My 365<\/strong><\/a> contenant l&rsquo;atelier Mon Budget  \ud83d\ude42<\/p>\n\n\n\n<p>\ud83d\udcda Si vous souhaitez retrouver le livre de Marie Duboin sur notre librairie, c&rsquo;est par ici : <br><strong><em><a href=\"https:\/\/shop.my365.fr\/produit\/jarrete-de-surconsommer-2\/?v=82a9e4d26595\">J&rsquo;arr\u00eate de surconsommer, 21 jours pour sauver la plan\u00e8te et mon compte en banque !<\/a><\/em><\/strong><\/p>\n\n\n\n<p><\/p>\n","protected":false},"excerpt":{"rendered":"<p>Que cela soit pour \u00e9viter les mauvaises surprises, pour gagner en s\u00e9r\u00e9nit\u00e9 et en autonomie, ou encore pour faire avancer les projets de mes r\u00eaves, il y a plein de bonnes raisons de suivre et de g\u00e9rer mon budget. Afin de nous aider dans cette t\u00e2che dans la nouvelle version de My Agenda, nous avons &hellip; <a href=\"https:\/\/my365.fr\/blog\/2024\/07\/26\/cette-annee-cest-decide-je-maitrise-mon-budget\/\" class=\"more-link\">Continuer la lecture<span class=\"screen-reader-text\"> de &laquo;&nbsp;G\u00e9rer mon budget et ma\u00eetriser mes d\u00e9penses&nbsp;&raquo;<\/span><\/a><\/p>\n","protected":false},"author":1,"featured_media":0,"comment_status":"open","ping_status":"open","sticky":false,"template":"","format":"standard","meta":{"footnotes":""},"categories":[131,126],"tags":[],"class_list":["post-2020","post","type-post","status-publish","format-standard","hentry","category-my-365","category-tutos"],"yoast_head":"<!-- This site is optimized with the Yoast SEO plugin v23.7 - https:\/\/yoast.com\/wordpress\/plugins\/seo\/ -->\n<title>Le blog de My 365 - G\u00e9rer mon budget et ma\u00eetriser mes d\u00e9penses<\/title>\n<meta name=\"robots\" content=\"index, follow, max-snippet:-1, max-image-preview:large, max-video-preview:-1\" \/>\n<link rel=\"canonical\" href=\"https:\/\/my365.fr\/blog\/2024\/07\/26\/cette-annee-cest-decide-je-maitrise-mon-budget\/\" \/>\n<meta property=\"og:locale\" content=\"fr_FR\" \/>\n<meta property=\"og:type\" content=\"article\" \/>\n<meta property=\"og:title\" content=\"Le blog de My 365 - G\u00e9rer mon budget et ma\u00eetriser mes d\u00e9penses\" \/>\n<meta property=\"og:description\" content=\"Que cela soit pour \u00e9viter les mauvaises surprises, pour gagner en s\u00e9r\u00e9nit\u00e9 et en autonomie, ou encore pour faire avancer les projets de mes r\u00eaves, il y a plein de bonnes raisons de suivre et de g\u00e9rer mon budget. Afin de nous aider dans cette t\u00e2che dans la nouvelle version de My Agenda, nous avons &hellip; Continuer la lecture de &laquo;&nbsp;G\u00e9rer mon budget et ma\u00eetriser mes d\u00e9penses&nbsp;&raquo;\" \/>\n<meta property=\"og:url\" content=\"https:\/\/my365.fr\/blog\/2024\/07\/26\/cette-annee-cest-decide-je-maitrise-mon-budget\/\" \/>\n<meta property=\"og:site_name\" content=\"Le blog de My 365\" \/>\n<meta property=\"article:publisher\" content=\"https:\/\/www.facebook.com\/myAgenda365\" \/>\n<meta property=\"article:published_time\" content=\"2024-07-26T21:22:20+00:00\" \/>\n<meta property=\"article:modified_time\" content=\"2024-10-30T12:07:35+00:00\" \/>\n<meta name=\"author\" content=\"Jonas\" \/>\n<meta name=\"twitter:card\" content=\"summary_large_image\" \/>\n<meta name=\"twitter:creator\" content=\"@myAgenda365\" \/>\n<meta name=\"twitter:site\" content=\"@myAgenda365\" \/>\n<meta name=\"twitter:label1\" content=\"\u00c9crit par\" \/>\n\t<meta name=\"twitter:data1\" content=\"Jonas\" \/>\n\t<meta name=\"twitter:label2\" content=\"Dur\u00e9e de lecture estim\u00e9e\" \/>\n\t<meta name=\"twitter:data2\" content=\"1 minute\" \/>\n<script type=\"application\/ld+json\" class=\"yoast-schema-graph\">{\"@context\":\"https:\/\/schema.org\",\"@graph\":[{\"@type\":\"WebPage\",\"@id\":\"https:\/\/my365.fr\/blog\/2024\/07\/26\/cette-annee-cest-decide-je-maitrise-mon-budget\/\",\"url\":\"https:\/\/my365.fr\/blog\/2024\/07\/26\/cette-annee-cest-decide-je-maitrise-mon-budget\/\",\"name\":\"Le blog de My 365 - G\u00e9rer mon budget et ma\u00eetriser mes d\u00e9penses\",\"isPartOf\":{\"@id\":\"https:\/\/my365.fr\/blog\/#website\"},\"datePublished\":\"2024-07-26T21:22:20+00:00\",\"dateModified\":\"2024-10-30T12:07:35+00:00\",\"author\":{\"@id\":\"https:\/\/my365.fr\/blog\/#\/schema\/person\/d5facde9c921b1f49293c29426864914\"},\"breadcrumb\":{\"@id\":\"https:\/\/my365.fr\/blog\/2024\/07\/26\/cette-annee-cest-decide-je-maitrise-mon-budget\/#breadcrumb\"},\"inLanguage\":\"fr-FR\",\"potentialAction\":[{\"@type\":\"ReadAction\",\"target\":[\"https:\/\/my365.fr\/blog\/2024\/07\/26\/cette-annee-cest-decide-je-maitrise-mon-budget\/\"]}]},{\"@type\":\"BreadcrumbList\",\"@id\":\"https:\/\/my365.fr\/blog\/2024\/07\/26\/cette-annee-cest-decide-je-maitrise-mon-budget\/#breadcrumb\",\"itemListElement\":[{\"@type\":\"ListItem\",\"position\":1,\"name\":\"Accueil\",\"item\":\"https:\/\/my365.fr\/blog\/\"},{\"@type\":\"ListItem\",\"position\":2,\"name\":\"G\u00e9rer mon budget et ma\u00eetriser mes d\u00e9penses\"}]},{\"@type\":\"WebSite\",\"@id\":\"https:\/\/my365.fr\/blog\/#website\",\"url\":\"https:\/\/my365.fr\/blog\/\",\"name\":\"Le blog de My 365\",\"description\":\"\",\"potentialAction\":[{\"@type\":\"SearchAction\",\"target\":{\"@type\":\"EntryPoint\",\"urlTemplate\":\"https:\/\/my365.fr\/blog\/?s={search_term_string}\"},\"query-input\":{\"@type\":\"PropertyValueSpecification\",\"valueRequired\":true,\"valueName\":\"search_term_string\"}}],\"inLanguage\":\"fr-FR\"},{\"@type\":\"Person\",\"@id\":\"https:\/\/my365.fr\/blog\/#\/schema\/person\/d5facde9c921b1f49293c29426864914\",\"name\":\"Jonas\",\"image\":{\"@type\":\"ImageObject\",\"inLanguage\":\"fr-FR\",\"@id\":\"https:\/\/my365.fr\/blog\/#\/schema\/person\/image\/\",\"url\":\"https:\/\/secure.gravatar.com\/avatar\/b25ea21dab59b084c6e5862814bb7980?s=96&d=mm&r=g\",\"contentUrl\":\"https:\/\/secure.gravatar.com\/avatar\/b25ea21dab59b084c6e5862814bb7980?s=96&d=mm&r=g\",\"caption\":\"Jonas\"},\"url\":\"https:\/\/my365.fr\/blog\/author\/jonas\/\"}]}<\/script>\n<!-- \/ Yoast SEO plugin. -->","yoast_head_json":{"title":"Le blog de My 365 - G\u00e9rer mon budget et ma\u00eetriser mes d\u00e9penses","robots":{"index":"index","follow":"follow","max-snippet":"max-snippet:-1","max-image-preview":"max-image-preview:large","max-video-preview":"max-video-preview:-1"},"canonical":"https:\/\/my365.fr\/blog\/2024\/07\/26\/cette-annee-cest-decide-je-maitrise-mon-budget\/","og_locale":"fr_FR","og_type":"article","og_title":"Le blog de My 365 - G\u00e9rer mon budget et ma\u00eetriser mes d\u00e9penses","og_description":"Que cela soit pour \u00e9viter les mauvaises surprises, pour gagner en s\u00e9r\u00e9nit\u00e9 et en autonomie, ou encore pour faire avancer les projets de mes r\u00eaves, il y a plein de bonnes raisons de suivre et de g\u00e9rer mon budget. Afin de nous aider dans cette t\u00e2che dans la nouvelle version de My Agenda, nous avons &hellip; Continuer la lecture de &laquo;&nbsp;G\u00e9rer mon budget et ma\u00eetriser mes d\u00e9penses&nbsp;&raquo;","og_url":"https:\/\/my365.fr\/blog\/2024\/07\/26\/cette-annee-cest-decide-je-maitrise-mon-budget\/","og_site_name":"Le blog de My 365","article_publisher":"https:\/\/www.facebook.com\/myAgenda365","article_published_time":"2024-07-26T21:22:20+00:00","article_modified_time":"2024-10-30T12:07:35+00:00","author":"Jonas","twitter_card":"summary_large_image","twitter_creator":"@myAgenda365","twitter_site":"@myAgenda365","twitter_misc":{"\u00c9crit par":"Jonas","Dur\u00e9e de lecture estim\u00e9e":"1 minute"},"schema":{"@context":"https:\/\/schema.org","@graph":[{"@type":"WebPage","@id":"https:\/\/my365.fr\/blog\/2024\/07\/26\/cette-annee-cest-decide-je-maitrise-mon-budget\/","url":"https:\/\/my365.fr\/blog\/2024\/07\/26\/cette-annee-cest-decide-je-maitrise-mon-budget\/","name":"Le blog de My 365 - G\u00e9rer mon budget et ma\u00eetriser mes d\u00e9penses","isPartOf":{"@id":"https:\/\/my365.fr\/blog\/#website"},"datePublished":"2024-07-26T21:22:20+00:00","dateModified":"2024-10-30T12:07:35+00:00","author":{"@id":"https:\/\/my365.fr\/blog\/#\/schema\/person\/d5facde9c921b1f49293c29426864914"},"breadcrumb":{"@id":"https:\/\/my365.fr\/blog\/2024\/07\/26\/cette-annee-cest-decide-je-maitrise-mon-budget\/#breadcrumb"},"inLanguage":"fr-FR","potentialAction":[{"@type":"ReadAction","target":["https:\/\/my365.fr\/blog\/2024\/07\/26\/cette-annee-cest-decide-je-maitrise-mon-budget\/"]}]},{"@type":"BreadcrumbList","@id":"https:\/\/my365.fr\/blog\/2024\/07\/26\/cette-annee-cest-decide-je-maitrise-mon-budget\/#breadcrumb","itemListElement":[{"@type":"ListItem","position":1,"name":"Accueil","item":"https:\/\/my365.fr\/blog\/"},{"@type":"ListItem","position":2,"name":"G\u00e9rer mon budget et ma\u00eetriser mes d\u00e9penses"}]},{"@type":"WebSite","@id":"https:\/\/my365.fr\/blog\/#website","url":"https:\/\/my365.fr\/blog\/","name":"Le blog de My 365","description":"","potentialAction":[{"@type":"SearchAction","target":{"@type":"EntryPoint","urlTemplate":"https:\/\/my365.fr\/blog\/?s={search_term_string}"},"query-input":{"@type":"PropertyValueSpecification","valueRequired":true,"valueName":"search_term_string"}}],"inLanguage":"fr-FR"},{"@type":"Person","@id":"https:\/\/my365.fr\/blog\/#\/schema\/person\/d5facde9c921b1f49293c29426864914","name":"Jonas","image":{"@type":"ImageObject","inLanguage":"fr-FR","@id":"https:\/\/my365.fr\/blog\/#\/schema\/person\/image\/","url":"https:\/\/secure.gravatar.com\/avatar\/b25ea21dab59b084c6e5862814bb7980?s=96&d=mm&r=g","contentUrl":"https:\/\/secure.gravatar.com\/avatar\/b25ea21dab59b084c6e5862814bb7980?s=96&d=mm&r=g","caption":"Jonas"},"url":"https:\/\/my365.fr\/blog\/author\/jonas\/"}]}},"_links":{"self":[{"href":"https:\/\/my365.fr\/blog\/wp-json\/wp\/v2\/posts\/2020"}],"collection":[{"href":"https:\/\/my365.fr\/blog\/wp-json\/wp\/v2\/posts"}],"about":[{"href":"https:\/\/my365.fr\/blog\/wp-json\/wp\/v2\/types\/post"}],"author":[{"embeddable":true,"href":"https:\/\/my365.fr\/blog\/wp-json\/wp\/v2\/users\/1"}],"replies":[{"embeddable":true,"href":"https:\/\/my365.fr\/blog\/wp-json\/wp\/v2\/comments?post=2020"}],"version-history":[{"count":7,"href":"https:\/\/my365.fr\/blog\/wp-json\/wp\/v2\/posts\/2020\/revisions"}],"predecessor-version":[{"id":2059,"href":"https:\/\/my365.fr\/blog\/wp-json\/wp\/v2\/posts\/2020\/revisions\/2059"}],"wp:attachment":[{"href":"https:\/\/my365.fr\/blog\/wp-json\/wp\/v2\/media?parent=2020"}],"wp:term":[{"taxonomy":"category","embeddable":true,"href":"https:\/\/my365.fr\/blog\/wp-json\/wp\/v2\/categories?post=2020"},{"taxonomy":"post_tag","embeddable":true,"href":"https:\/\/my365.fr\/blog\/wp-json\/wp\/v2\/tags?post=2020"}],"curies":[{"name":"wp","href":"https:\/\/api.w.org\/{rel}","templated":true}]}}