{"id":190,"date":"2016-09-01T09:07:16","date_gmt":"2016-09-01T08:07:16","guid":{"rendered":"http:\/\/www.my2016.fr\/blog\/?p=190"},"modified":"2016-09-02T10:25:06","modified_gmt":"2016-09-02T09:25:06","slug":"defi-zero-dechets","status":"publish","type":"post","link":"https:\/\/my365.fr\/blog\/2016\/09\/01\/defi-zero-dechets\/","title":{"rendered":"D\u00e9fi n\u00b09 : Z\u00e9ro d\u00e9chet"},"content":{"rendered":"<p>Z\u00e9ro D\u00e9chet, vous connaissez ?<\/p>\n<p>Comme son nom l\u2019indique, ce concept invent\u00e9 par B\u00e9a Johnson (une fran\u00e7aise vivant aux \u00c9tats-Unis) vise \u00e0 r\u00e9duire sa production de d\u00e9chets au maximum. J\u2019ai lu son livre l\u2019ann\u00e9e derni\u00e8re et j\u2019ai ador\u00e9. Maintenant, il est temps de s\u2019y mettre pour de vrai !<br \/>\nPendant le mois de septembre, je vous ferai part de mon avancement \ud83d\ude42<\/p>\n<p><img loading=\"lazy\" decoding=\"async\" class=\"alignnone size-full wp-image-191\" src=\"http:\/\/www.my2016.fr\/blog\/wp-content\/uploads\/2016\/09\/zero-dechets.jpg\" alt=\"zero-dechets\" width=\"1024\" height=\"466\" srcset=\"https:\/\/my365.fr\/blog\/wp-content\/uploads\/2016\/09\/zero-dechets.jpg 1024w, https:\/\/my365.fr\/blog\/wp-content\/uploads\/2016\/09\/zero-dechets-300x137.jpg 300w, https:\/\/my365.fr\/blog\/wp-content\/uploads\/2016\/09\/zero-dechets-768x350.jpg 768w\" sizes=\"(max-width: 709px) 85vw, (max-width: 909px) 67vw, (max-width: 1362px) 62vw, 840px\" \/><!--more--><\/p>\n<h1>O\u00f9 en est-on avec les d\u00e9chets en France ?<\/h1>\n<p>Actuellement, chaque habitant produit en moyenne 390 kg de d\u00e9chets par an. Ce chiffre monte \u00e0 590 kg si l&rsquo;on consid\u00e8re les d\u00e9chets d\u00e9pos\u00e9s en d\u00e9chetterie. Et le poids augmente encore si on ajoute les d\u00e9chets industriels (BTP, agriculture, industrie) g\u00e9n\u00e9r\u00e9s par les produits que nous consommons. Bref, nous produisons beaucoup de d\u00e9chets : quand on sait qu\u2019en plus de polluer cela co\u00fbte tr\u00e8s cher \u00e0 la collectivit\u00e9 (bonjour les imp\u00f4ts) \u00e7a donne \u00e0 r\u00e9fl\u00e9chir !<\/p>\n<h1>D\u00e9finir des objectifs<\/h1>\n<p>Pour une semaine, notre famille v\u00e9g\u00e9tarienne (2 adultes et 2 enfants) produit 3-4 poubelles de 10l + 3 cabas de recyclable + 1 seau de compost. Quand on y pense \u00e7a para\u00eet \u00e9norme\u2026<\/p>\n<p>J\u2019aimerais atteindre : 1 poubelle + 2 cabas de recyclable + 1 ou 2 seaux de compost. C\u2019est peut-\u00eatre ambitieux (?), mais tant qu\u2019\u00e0 \u00e9voluer, \u00e9voluons vraiment !<\/p>\n<h1>Par o\u00f9 commencer ?<\/h1>\n<p>Pour atteindre le (presque) Z\u00e9ro D\u00e9chet, voici les 4 premi\u00e8res id\u00e9es sur lesquelles j\u2019ai d\u00e9cid\u00e9 de me concentrer :<\/p>\n<ul>\n<li>Mettre un autocollant \u201cStop pub\u201d sur la bo\u00eete aux lettres.<br \/>\nC\u2019est facile et \u00e7a r\u00e9duira fortement le volume de votre poubelle recyclage (jusqu\u2019\u00e0 -15kg\/an). Renseignez-vous aupr\u00e8s de votre mairie. A Rennes, on peut avoir des autocollants \u201cStop pub, oui aux journaux des collectivit\u00e9s\u201d.\u00c7a, c\u2019est fait depuis longtemps chez nous \u2713<\/li>\n<\/ul>\n<ul>\n<li>Choisir des produits qui comportent moins d&#8217;emballages ou des emballages recyclables.<br \/>\nEn regardant le contenu de mes placards, je me dis que \u00e7a ne va pas \u00eatre si facile\u2026 A suivre.<\/li>\n<\/ul>\n<ul>\n<li>Acheter des produits en vrac.<br \/>\nOn en trouve facilement dans les magasins du r\u00e9seau Biocoop, les Day by Day et dans certains supermarch\u00e9s. En plus, acheter en vrac permet de r\u00e9duire le gaspillage de nourriture en achetant la quantit\u00e9 d\u00e9sir\u00e9e !!!<br \/>\nJe viens d\u2019acheter des sacs \u201csp\u00e9cial vrac\u201d <a href=\"https:\/\/www.etsy.com\/fr\/listing\/475367709\/le-sac-en-coton-bio-pour-le-vrac\" target=\"_blank\">chez Angel et Lili<\/a>. Vivement qu\u2019ils soient livr\u00e9s :). D\u00e9fi suivant : Ne pas les oublier pour faire les courses. A suivre.<\/li>\n<\/ul>\n<ul>\n<li>Composter tout ce qui est organique (\u00e9pluchures, coquilles d\u2019oeuf, restes\u2026)<br \/>\nCela permet de r\u00e9duire la poubelle qui, elle, sera br\u00fbl\u00e9e en d\u00e9chetterie.<br \/>\nCertaines villes proposent des installations de composteurs aux habitants qui en font la demande. Renseignez-vous !Chez nous c\u2019est fait \u2713.<br \/>\n(Mais on doit s\u2019am\u00e9liorer sur le volume)<\/li>\n<\/ul>\n<h1>Le pacte de Famille<\/h1>\n<p>Hier soir, nous nous sommes tous mis d\u2019accord (ouf) pour essayer et r\u00e9ussir ce d\u00e9fi ensemble. Je ne sais pas si mon fils de 8 ans a tout compris mais il est motiv\u00e9. Il comprendra mieux quand je lui dirai \u201cnon\u201d devant un paquet de biscuits suremball\u00e9s. Mon mari et moi avons r\u00e9expliqu\u00e9 l\u2019importance de bien trier les poubelles \u2026 car visiblement il y a encore des choses \u00e0 \u00e9claircir.<\/p>\n<h1>Appliquer les 5 commandements de B\u00e9a Johnson<\/h1>\n<ul>\n<li><strong>Refuser<\/strong> ce dont on n\u2019a pas besoin,<\/li>\n<li><strong>R\u00e9duire<\/strong> ce dont on a besoin,<\/li>\n<li><strong>R\u00e9utiliser<\/strong>\/Acheter un bien d\u2019occasion quand on a besoin d\u2019un bien mat\u00e9riel et remplacer tout ce qui est jetable par une alternative r\u00e9utilisable,<\/li>\n<li><strong>Recycler<\/strong> seulement ce qu\u2019on ne peut pas refuser, r\u00e9duire ou r\u00e9utiliser,<\/li>\n<li><strong>Composter<\/strong> le reste<\/li>\n<\/ul>\n<h1>C\u2019est parti ?<\/h1>\n<p>Je partagerai avec vous l\u2019avancement de notre d\u00e9fi. J\u2019esp\u00e8re que j\u2019ai pu vous donner un peu d\u2019inspiration\u2026 Et que vous me ferez part de votre exp\u00e9rience \ud83d\ude42<br \/>\nRendez-vous dans les prochaines semaines !<\/p>\n<h1>Quelques liens pour aller plus loin<\/h1>\n<p>Le site de B\u00e9a Johnson<br \/>\n<a href=\"http:\/\/www.zerowastehome.com\/#fr\">http:\/\/www.zerowastehome.com\/#fr<\/a><\/p>\n<p>Le site de Z\u00e9ro D\u00e9chet France<br \/>\n<a href=\"https:\/\/www.zerowastefrance.org\/fr\">https:\/\/www.zerowastefrance.org\/fr<\/a><\/p>\n<p>Vid\u00e9o avec B\u00e9a Johnson et Agathe Lecaron<br \/>\n<a href=\"https:\/\/www.youtube.com\/watch?v=L6vJuRcjteM\">https:\/\/www.youtube.com\/watch?v=L6vJuRcjteM<\/a><\/p>\n<p>Le blog de la famille presque Z\u00e9ro D\u00e9chet (ils viennent de publier un livre !)<br \/>\n<a href=\"http:\/\/www.famillezerodechet.com\/\">http:\/\/www.famillezerodechet.com\/<\/a><\/p>\n<p>Les super sacs \u201csp\u00e9cial vrac \u201cd\u2019Angel et Lili :<br \/>\n<a href=\"https:\/\/www.etsy.com\/fr\/listing\/475367709\/le-sac-en-coton-bio-pour-le-vrac?ref=shop_home_active_4\">https:\/\/www.etsy.com\/fr\/listing\/475367709\/le-sac-en-coton-bio-pour-le-vrac<\/a><\/p>\n<p>Un super reportage sur la d\u00e9marche Z\u00e9ro D\u00e9chet<br \/>\n<a href=\"https:\/\/www.youtube.com\/watch?v=X172VcjcYrs\">https:\/\/www.youtube.com\/watch?v=X172VcjcYrs<\/a><\/p>\n<p>&nbsp;<\/p>\n<p><!--more--><\/p>\n","protected":false},"excerpt":{"rendered":"<p>Z\u00e9ro D\u00e9chet, vous connaissez ? Comme son nom l\u2019indique, ce concept invent\u00e9 par B\u00e9a Johnson (une fran\u00e7aise vivant aux \u00c9tats-Unis) vise \u00e0 r\u00e9duire sa production de d\u00e9chets au maximum. J\u2019ai lu son livre l\u2019ann\u00e9e derni\u00e8re et j\u2019ai ador\u00e9. Maintenant, il est temps de s\u2019y mettre pour de vrai ! Pendant le mois de septembre, je &hellip; <a href=\"https:\/\/my365.fr\/blog\/2016\/09\/01\/defi-zero-dechets\/\" class=\"more-link\">Continuer la lecture<span class=\"screen-reader-text\"> de &laquo;&nbsp;D\u00e9fi n\u00b09 : Z\u00e9ro d\u00e9chet&nbsp;&raquo;<\/span><\/a><\/p>\n","protected":false},"author":2,"featured_media":0,"comment_status":"open","ping_status":"open","sticky":false,"template":"","format":"standard","meta":{"footnotes":""},"categories":[2],"tags":[15,14,12,13],"class_list":["post-190","post","type-post","status-publish","format-standard","hentry","category-defis","tag-compost","tag-recyclage","tag-zero-dechet","tag-zero-waste"],"yoast_head":"<!-- This site is optimized with the Yoast SEO plugin v23.7 - https:\/\/yoast.com\/wordpress\/plugins\/seo\/ -->\n<title>Le blog de My 365 - D\u00e9fi n\u00b09 : Z\u00e9ro d\u00e9chet<\/title>\n<meta name=\"robots\" content=\"index, follow, max-snippet:-1, max-image-preview:large, max-video-preview:-1\" \/>\n<link rel=\"canonical\" href=\"https:\/\/my365.fr\/blog\/2016\/09\/01\/defi-zero-dechets\/\" \/>\n<meta property=\"og:locale\" content=\"fr_FR\" \/>\n<meta property=\"og:type\" content=\"article\" \/>\n<meta property=\"og:title\" content=\"Le blog de My 365 - D\u00e9fi n\u00b09 : Z\u00e9ro d\u00e9chet\" \/>\n<meta property=\"og:description\" content=\"Z\u00e9ro D\u00e9chet, vous connaissez ? Comme son nom l\u2019indique, ce concept invent\u00e9 par B\u00e9a Johnson (une fran\u00e7aise vivant aux \u00c9tats-Unis) vise \u00e0 r\u00e9duire sa production de d\u00e9chets au maximum. J\u2019ai lu son livre l\u2019ann\u00e9e derni\u00e8re et j\u2019ai ador\u00e9. Maintenant, il est temps de s\u2019y mettre pour de vrai ! Pendant le mois de septembre, je &hellip; Continuer la lecture de &laquo;&nbsp;D\u00e9fi n\u00b09 : Z\u00e9ro d\u00e9chet&nbsp;&raquo;\" \/>\n<meta property=\"og:url\" content=\"https:\/\/my365.fr\/blog\/2016\/09\/01\/defi-zero-dechets\/\" \/>\n<meta property=\"og:site_name\" content=\"Le blog de My 365\" \/>\n<meta property=\"article:publisher\" content=\"https:\/\/www.facebook.com\/myAgenda365\" \/>\n<meta property=\"article:published_time\" content=\"2016-09-01T08:07:16+00:00\" \/>\n<meta property=\"article:modified_time\" content=\"2016-09-02T09:25:06+00:00\" \/>\n<meta property=\"og:image\" content=\"http:\/\/www.my2016.fr\/blog\/wp-content\/uploads\/2016\/09\/zero-dechets.jpg\" \/>\n<meta name=\"author\" content=\"Jenny\" \/>\n<meta name=\"twitter:card\" content=\"summary_large_image\" \/>\n<meta name=\"twitter:creator\" content=\"@myAgenda365\" \/>\n<meta name=\"twitter:site\" content=\"@myAgenda365\" \/>\n<meta name=\"twitter:label1\" content=\"\u00c9crit par\" \/>\n\t<meta name=\"twitter:data1\" content=\"Jenny\" \/>\n\t<meta name=\"twitter:label2\" content=\"Dur\u00e9e de lecture estim\u00e9e\" \/>\n\t<meta name=\"twitter:data2\" content=\"4 minutes\" \/>\n<script type=\"application\/ld+json\" class=\"yoast-schema-graph\">{\"@context\":\"https:\/\/schema.org\",\"@graph\":[{\"@type\":\"WebPage\",\"@id\":\"https:\/\/my365.fr\/blog\/2016\/09\/01\/defi-zero-dechets\/\",\"url\":\"https:\/\/my365.fr\/blog\/2016\/09\/01\/defi-zero-dechets\/\",\"name\":\"Le blog de My 365 - D\u00e9fi n\u00b09 : Z\u00e9ro d\u00e9chet\",\"isPartOf\":{\"@id\":\"https:\/\/my365.fr\/blog\/#website\"},\"primaryImageOfPage\":{\"@id\":\"https:\/\/my365.fr\/blog\/2016\/09\/01\/defi-zero-dechets\/#primaryimage\"},\"image\":{\"@id\":\"https:\/\/my365.fr\/blog\/2016\/09\/01\/defi-zero-dechets\/#primaryimage\"},\"thumbnailUrl\":\"http:\/\/www.my2016.fr\/blog\/wp-content\/uploads\/2016\/09\/zero-dechets.jpg\",\"datePublished\":\"2016-09-01T08:07:16+00:00\",\"dateModified\":\"2016-09-02T09:25:06+00:00\",\"author\":{\"@id\":\"https:\/\/my365.fr\/blog\/#\/schema\/person\/bd846e38ecae343d68fba9f16471e9ff\"},\"breadcrumb\":{\"@id\":\"https:\/\/my365.fr\/blog\/2016\/09\/01\/defi-zero-dechets\/#breadcrumb\"},\"inLanguage\":\"fr-FR\",\"potentialAction\":[{\"@type\":\"ReadAction\",\"target\":[\"https:\/\/my365.fr\/blog\/2016\/09\/01\/defi-zero-dechets\/\"]}]},{\"@type\":\"ImageObject\",\"inLanguage\":\"fr-FR\",\"@id\":\"https:\/\/my365.fr\/blog\/2016\/09\/01\/defi-zero-dechets\/#primaryimage\",\"url\":\"http:\/\/www.my2016.fr\/blog\/wp-content\/uploads\/2016\/09\/zero-dechets.jpg\",\"contentUrl\":\"http:\/\/www.my2016.fr\/blog\/wp-content\/uploads\/2016\/09\/zero-dechets.jpg\"},{\"@type\":\"BreadcrumbList\",\"@id\":\"https:\/\/my365.fr\/blog\/2016\/09\/01\/defi-zero-dechets\/#breadcrumb\",\"itemListElement\":[{\"@type\":\"ListItem\",\"position\":1,\"name\":\"Accueil\",\"item\":\"https:\/\/my365.fr\/blog\/\"},{\"@type\":\"ListItem\",\"position\":2,\"name\":\"D\u00e9fi n\u00b09 : Z\u00e9ro d\u00e9chet\"}]},{\"@type\":\"WebSite\",\"@id\":\"https:\/\/my365.fr\/blog\/#website\",\"url\":\"https:\/\/my365.fr\/blog\/\",\"name\":\"Le blog de My 365\",\"description\":\"\",\"potentialAction\":[{\"@type\":\"SearchAction\",\"target\":{\"@type\":\"EntryPoint\",\"urlTemplate\":\"https:\/\/my365.fr\/blog\/?s={search_term_string}\"},\"query-input\":{\"@type\":\"PropertyValueSpecification\",\"valueRequired\":true,\"valueName\":\"search_term_string\"}}],\"inLanguage\":\"fr-FR\"},{\"@type\":\"Person\",\"@id\":\"https:\/\/my365.fr\/blog\/#\/schema\/person\/bd846e38ecae343d68fba9f16471e9ff\",\"name\":\"Jenny\",\"image\":{\"@type\":\"ImageObject\",\"inLanguage\":\"fr-FR\",\"@id\":\"https:\/\/my365.fr\/blog\/#\/schema\/person\/image\/\",\"url\":\"https:\/\/secure.gravatar.com\/avatar\/3d490be64ac60ad419dd4fff03add1be?s=96&d=mm&r=g\",\"contentUrl\":\"https:\/\/secure.gravatar.com\/avatar\/3d490be64ac60ad419dd4fff03add1be?s=96&d=mm&r=g\",\"caption\":\"Jenny\"},\"url\":\"https:\/\/my365.fr\/blog\/author\/jenny\/\"}]}<\/script>\n<!-- \/ Yoast SEO plugin. -->","yoast_head_json":{"title":"Le blog de My 365 - D\u00e9fi n\u00b09 : Z\u00e9ro d\u00e9chet","robots":{"index":"index","follow":"follow","max-snippet":"max-snippet:-1","max-image-preview":"max-image-preview:large","max-video-preview":"max-video-preview:-1"},"canonical":"https:\/\/my365.fr\/blog\/2016\/09\/01\/defi-zero-dechets\/","og_locale":"fr_FR","og_type":"article","og_title":"Le blog de My 365 - D\u00e9fi n\u00b09 : Z\u00e9ro d\u00e9chet","og_description":"Z\u00e9ro D\u00e9chet, vous connaissez ? Comme son nom l\u2019indique, ce concept invent\u00e9 par B\u00e9a Johnson (une fran\u00e7aise vivant aux \u00c9tats-Unis) vise \u00e0 r\u00e9duire sa production de d\u00e9chets au maximum. J\u2019ai lu son livre l\u2019ann\u00e9e derni\u00e8re et j\u2019ai ador\u00e9. Maintenant, il est temps de s\u2019y mettre pour de vrai ! Pendant le mois de septembre, je &hellip; Continuer la lecture de &laquo;&nbsp;D\u00e9fi n\u00b09 : Z\u00e9ro d\u00e9chet&nbsp;&raquo;","og_url":"https:\/\/my365.fr\/blog\/2016\/09\/01\/defi-zero-dechets\/","og_site_name":"Le blog de My 365","article_publisher":"https:\/\/www.facebook.com\/myAgenda365","article_published_time":"2016-09-01T08:07:16+00:00","article_modified_time":"2016-09-02T09:25:06+00:00","og_image":[{"url":"http:\/\/www.my2016.fr\/blog\/wp-content\/uploads\/2016\/09\/zero-dechets.jpg"}],"author":"Jenny","twitter_card":"summary_large_image","twitter_creator":"@myAgenda365","twitter_site":"@myAgenda365","twitter_misc":{"\u00c9crit par":"Jenny","Dur\u00e9e de lecture estim\u00e9e":"4 minutes"},"schema":{"@context":"https:\/\/schema.org","@graph":[{"@type":"WebPage","@id":"https:\/\/my365.fr\/blog\/2016\/09\/01\/defi-zero-dechets\/","url":"https:\/\/my365.fr\/blog\/2016\/09\/01\/defi-zero-dechets\/","name":"Le blog de My 365 - D\u00e9fi n\u00b09 : Z\u00e9ro d\u00e9chet","isPartOf":{"@id":"https:\/\/my365.fr\/blog\/#website"},"primaryImageOfPage":{"@id":"https:\/\/my365.fr\/blog\/2016\/09\/01\/defi-zero-dechets\/#primaryimage"},"image":{"@id":"https:\/\/my365.fr\/blog\/2016\/09\/01\/defi-zero-dechets\/#primaryimage"},"thumbnailUrl":"http:\/\/www.my2016.fr\/blog\/wp-content\/uploads\/2016\/09\/zero-dechets.jpg","datePublished":"2016-09-01T08:07:16+00:00","dateModified":"2016-09-02T09:25:06+00:00","author":{"@id":"https:\/\/my365.fr\/blog\/#\/schema\/person\/bd846e38ecae343d68fba9f16471e9ff"},"breadcrumb":{"@id":"https:\/\/my365.fr\/blog\/2016\/09\/01\/defi-zero-dechets\/#breadcrumb"},"inLanguage":"fr-FR","potentialAction":[{"@type":"ReadAction","target":["https:\/\/my365.fr\/blog\/2016\/09\/01\/defi-zero-dechets\/"]}]},{"@type":"ImageObject","inLanguage":"fr-FR","@id":"https:\/\/my365.fr\/blog\/2016\/09\/01\/defi-zero-dechets\/#primaryimage","url":"http:\/\/www.my2016.fr\/blog\/wp-content\/uploads\/2016\/09\/zero-dechets.jpg","contentUrl":"http:\/\/www.my2016.fr\/blog\/wp-content\/uploads\/2016\/09\/zero-dechets.jpg"},{"@type":"BreadcrumbList","@id":"https:\/\/my365.fr\/blog\/2016\/09\/01\/defi-zero-dechets\/#breadcrumb","itemListElement":[{"@type":"ListItem","position":1,"name":"Accueil","item":"https:\/\/my365.fr\/blog\/"},{"@type":"ListItem","position":2,"name":"D\u00e9fi n\u00b09 : Z\u00e9ro d\u00e9chet"}]},{"@type":"WebSite","@id":"https:\/\/my365.fr\/blog\/#website","url":"https:\/\/my365.fr\/blog\/","name":"Le blog de My 365","description":"","potentialAction":[{"@type":"SearchAction","target":{"@type":"EntryPoint","urlTemplate":"https:\/\/my365.fr\/blog\/?s={search_term_string}"},"query-input":{"@type":"PropertyValueSpecification","valueRequired":true,"valueName":"search_term_string"}}],"inLanguage":"fr-FR"},{"@type":"Person","@id":"https:\/\/my365.fr\/blog\/#\/schema\/person\/bd846e38ecae343d68fba9f16471e9ff","name":"Jenny","image":{"@type":"ImageObject","inLanguage":"fr-FR","@id":"https:\/\/my365.fr\/blog\/#\/schema\/person\/image\/","url":"https:\/\/secure.gravatar.com\/avatar\/3d490be64ac60ad419dd4fff03add1be?s=96&d=mm&r=g","contentUrl":"https:\/\/secure.gravatar.com\/avatar\/3d490be64ac60ad419dd4fff03add1be?s=96&d=mm&r=g","caption":"Jenny"},"url":"https:\/\/my365.fr\/blog\/author\/jenny\/"}]}},"_links":{"self":[{"href":"https:\/\/my365.fr\/blog\/wp-json\/wp\/v2\/posts\/190"}],"collection":[{"href":"https:\/\/my365.fr\/blog\/wp-json\/wp\/v2\/posts"}],"about":[{"href":"https:\/\/my365.fr\/blog\/wp-json\/wp\/v2\/types\/post"}],"author":[{"embeddable":true,"href":"https:\/\/my365.fr\/blog\/wp-json\/wp\/v2\/users\/2"}],"replies":[{"embeddable":true,"href":"https:\/\/my365.fr\/blog\/wp-json\/wp\/v2\/comments?post=190"}],"version-history":[{"count":22,"href":"https:\/\/my365.fr\/blog\/wp-json\/wp\/v2\/posts\/190\/revisions"}],"predecessor-version":[{"id":222,"href":"https:\/\/my365.fr\/blog\/wp-json\/wp\/v2\/posts\/190\/revisions\/222"}],"wp:attachment":[{"href":"https:\/\/my365.fr\/blog\/wp-json\/wp\/v2\/media?parent=190"}],"wp:term":[{"taxonomy":"category","embeddable":true,"href":"https:\/\/my365.fr\/blog\/wp-json\/wp\/v2\/categories?post=190"},{"taxonomy":"post_tag","embeddable":true,"href":"https:\/\/my365.fr\/blog\/wp-json\/wp\/v2\/tags?post=190"}],"curies":[{"name":"wp","href":"https:\/\/api.w.org\/{rel}","templated":true}]}}