{"id":1881,"date":"2022-03-16T10:52:30","date_gmt":"2022-03-16T09:52:30","guid":{"rendered":"https:\/\/my365.fr\/blog\/?p=1881"},"modified":"2022-03-16T10:53:39","modified_gmt":"2022-03-16T09:53:39","slug":"matrice-deisenhower-definir-ses-priorites","status":"publish","type":"post","link":"https:\/\/my365.fr\/blog\/2022\/03\/16\/matrice-deisenhower-definir-ses-priorites\/","title":{"rendered":"La matrice d&rsquo;Eisenhower : un outil pour d\u00e9finir ses priorit\u00e9s"},"content":{"rendered":"\n<p>Il n\u2019est pas rare de se sentir d\u00e9bord\u00e9\u00b7e par toutes les t\u00e2ches que l\u2019on a \u00e0 faire chaque jour, \u00e0 tel point qu\u2019on oublie parfois ce qui est vraiment important pour nous\u2026 Et si on faisait du tri dans nos to do lists pour accorder davantage de temps \u00e0 nos priorit\u00e9s, \u00e0 ce qui a le plus de sens pour nous et le plus d\u2019impact sur notre vie, sur notre \u00e9panouissement personnel ou professionnel ?<\/p>\n\n\n\n<!--more-->\n\n\n\n<p>Le temps et l\u2019\u00e9nergie physique comme mentale sont des ressources limit\u00e9es. Force est de constater que m\u00eame si on le voulait, on ne pourrait pas tout faire ! Alors il faut choisir\u2026 Au risque de nous \u00e9puiser ou de passer \u00e0 c\u00f4t\u00e9 de nos aspirations. Et pour pouvoir choisir \u00e0 chaque instant o\u00f9 on a envie de mettre notre temps et notre \u00e9nergie, il est tr\u00e8s utile d&rsquo;avoir identifi\u00e9 ses priorit\u00e9s.<\/p>\n\n\n\n<h3 class=\"wp-block-heading\">La matrice d&rsquo;Eisenhower<\/h3>\n\n\n\n<p>Pour nous aider \u00e0 d\u00e9finir clairement nos priorit\u00e9s, nous utilisons la \u201cmatrice d\u2019Eisenhower\u201d. Vous la trouverez dans <a href=\"https:\/\/shop.my365.fr\/produit\/pdf-priorite-matrice-eisenhower\/\" target=\"_blank\" rel=\"noreferrer noopener\">l\u2019atelier \u201cMes priorit\u00e9s\u201d<\/a> \u00e0 t\u00e9l\u00e9charger gratuitement sur notre site et \u00e0 imprimer \u00e0 votre guise ! Ou bien, vous pouvez comme ici en cr\u00e9er une sur la page de pr\u00e9paration mensuelle de <a href=\"https:\/\/shop.my365.fr\/produit\/my-2022-agenda-2022-semainier-a5-reliee\/\" target=\"_blank\" rel=\"noreferrer noopener\">My 2022<\/a>.<\/p>\n\n\n\n<figure class=\"wp-block-image size-large\"><img loading=\"lazy\" decoding=\"async\" width=\"1024\" height=\"959\" src=\"https:\/\/my365.fr\/blog\/wp-content\/uploads\/2022\/03\/matrice-eisenhower-definir-priorite\u0301s-3-1024x959.jpg\" alt=\"utilisation-matrice-deisenhower\" class=\"wp-image-1891\" srcset=\"https:\/\/my365.fr\/blog\/wp-content\/uploads\/2022\/03\/matrice-eisenhower-definir-priorite\u0301s-3-1024x959.jpg 1024w, https:\/\/my365.fr\/blog\/wp-content\/uploads\/2022\/03\/matrice-eisenhower-definir-priorite\u0301s-3-300x281.jpg 300w, https:\/\/my365.fr\/blog\/wp-content\/uploads\/2022\/03\/matrice-eisenhower-definir-priorite\u0301s-3-768x719.jpg 768w, https:\/\/my365.fr\/blog\/wp-content\/uploads\/2022\/03\/matrice-eisenhower-definir-priorite\u0301s-3.jpg 1200w\" sizes=\"(max-width: 709px) 85vw, (max-width: 909px) 67vw, (max-width: 1362px) 62vw, 840px\" \/><\/figure>\n\n\n\n<p>Gr\u00e2ce \u00e0 elle, vous pouvez r\u00e9partir vos t\u00e2ches et vos activit\u00e9s dans 4 cat\u00e9gories selon leur degr\u00e9 d\u2019urgence et d\u2019importance :<\/p>\n\n\n\n<p><em><strong>Importantes mais peu urgentes<\/strong><\/em><br>Ce sont nos projets \u00e0 moyen ou long terme. Pour les mener \u00e0 bien, il convient de les planifier. <\/p>\n\n\n\n<p><strong><em>Importantes<\/em><\/strong><em><strong> et urgentes<\/strong><\/em><br>Il s&rsquo;agit de probl\u00e8mes \u00e0 r\u00e9soudre ou d&rsquo;opportunit\u00e9s \u00e0 saisir. Souvent, ces t\u00e2ches se retrouvent dans cette cat\u00e9gorie, car elles n&rsquo;ont pas \u00e9t\u00e9 bien planifi\u00e9es en amont. On se retrouve donc \u00e0 devoir y faire face \u00e0 la derni\u00e8re minute.<\/p>\n\n\n\n<p><strong><em>Peu importantes et peu urgentes<\/em><\/strong><br>Ce sont nos distractions. Elles sont essentielles pour d\u00e9compresser, mais elles ont tendance \u00e0 empi\u00e9ter sur les activit\u00e9s qui ont davantage d&rsquo;importance pour nous.<\/p>\n\n\n\n<p><strong><em>Peu importantes mais urgentes<\/em><\/strong><br>Il s&rsquo;agit de perturbations, de sollicitations, qui nous emp\u00eachent de faire ce qui est r\u00e9ellement important pour nous.<\/p>\n\n\n\n<p>Naturellement, on a tendance \u00e0 repousser ce qui est <strong>important mais peu urgent<\/strong>, surtout lorsqu&rsquo;on a pris l&rsquo;habitude de tout faire dans l&rsquo;urgence ou de r\u00e9pondre aux sollicitations avant de s&rsquo;occuper de ses propres t\u00e2ches. Pourtant, c&rsquo;est dans cette case que se trouvent les projets qui nous tiennent le plus \u00e0 c\u0153ur ! C\u2019est l\u00e0 que sont nos priorit\u00e9s !<\/p>\n\n\n\n<figure class=\"wp-block-image size-large\"><img loading=\"lazy\" decoding=\"async\" width=\"1024\" height=\"683\" src=\"https:\/\/my365.fr\/blog\/wp-content\/uploads\/2022\/03\/matrice-eisenhower-definir-priorite\u0301s-2-1024x683.jpg\" alt=\"matrice-deisenhower-identifier-ses-priorites\" class=\"wp-image-1890\" srcset=\"https:\/\/my365.fr\/blog\/wp-content\/uploads\/2022\/03\/matrice-eisenhower-definir-priorite\u0301s-2-1024x683.jpg 1024w, https:\/\/my365.fr\/blog\/wp-content\/uploads\/2022\/03\/matrice-eisenhower-definir-priorite\u0301s-2-300x200.jpg 300w, https:\/\/my365.fr\/blog\/wp-content\/uploads\/2022\/03\/matrice-eisenhower-definir-priorite\u0301s-2-768x512.jpg 768w, https:\/\/my365.fr\/blog\/wp-content\/uploads\/2022\/03\/matrice-eisenhower-definir-priorite\u0301s-2.jpg 1200w\" sizes=\"(max-width: 709px) 85vw, (max-width: 909px) 67vw, (max-width: 1362px) 62vw, 840px\" \/><\/figure>\n\n\n\n<h3 class=\"wp-block-heading\">Faire de la place \u00e0 ses priorit\u00e9s dans son emploi du temps<\/h3>\n\n\n\n<p>Alors que faire une fois qu\u2019on a identifi\u00e9 ses priorit\u00e9s ?<\/p>\n\n\n\n<ul class=\"wp-block-list\"><li>Les d\u00e9couper en plus petites t\u00e2ches et les planifier dans son agenda<\/li><li>Chaque jour, choisir sa priorit\u00e9 : Si je ne devais faire qu\u2019une seule chose aujourd\u2019hui, quelle serait-elle ? Cela fonctionne aussi \u00e0 la semaine ou au mois  !<\/li><\/ul>\n\n\n\n<p>Et pour le reste :<\/p>\n\n\n\n<ul class=\"wp-block-list\"><li>Limiter les distractions \u00e0 des plages horaires pr\u00e9cises<\/li><li>Refuser les perturbations et d\u00e9l\u00e9guer les t\u00e2ches qui peuvent \u00eatre faites par d\u2019autres<\/li><\/ul>\n\n\n\n<p>Et vous, avez-vous identifi\u00e9 les activit\u00e9s auxquelles vous voudriez consacrer plus de temps ?<\/p>\n\n\n\n<p class=\"has-text-align-center\"><em>Retrouvez la matrice d\u2019Eisenhower et <a href=\"https:\/\/shop.my365.fr\/categorie\/printable\/\" target=\"_blank\" rel=\"noreferrer noopener\">plus de printables<\/a> sur notre boutique en ligne !<\/em><\/p>\n","protected":false},"excerpt":{"rendered":"<p>Il n\u2019est pas rare de se sentir d\u00e9bord\u00e9\u00b7e par toutes les t\u00e2ches que l\u2019on a \u00e0 faire chaque jour, \u00e0 tel point qu\u2019on oublie parfois ce qui est vraiment important pour nous\u2026 Et si on faisait du tri dans nos to do lists pour accorder davantage de temps \u00e0 nos priorit\u00e9s, \u00e0 ce qui a &hellip; <a href=\"https:\/\/my365.fr\/blog\/2022\/03\/16\/matrice-deisenhower-definir-ses-priorites\/\" class=\"more-link\">Continuer la lecture<span class=\"screen-reader-text\"> de &laquo;&nbsp;La matrice d&rsquo;Eisenhower : un outil pour d\u00e9finir ses priorit\u00e9s&nbsp;&raquo;<\/span><\/a><\/p>\n","protected":false},"author":8,"featured_media":1889,"comment_status":"open","ping_status":"open","sticky":false,"template":"","format":"standard","meta":{"footnotes":""},"categories":[126],"tags":[],"class_list":["post-1881","post","type-post","status-publish","format-standard","has-post-thumbnail","hentry","category-tutos"],"yoast_head":"<!-- This site is optimized with the Yoast SEO plugin v23.7 - https:\/\/yoast.com\/wordpress\/plugins\/seo\/ -->\n<title>Le blog de My 365 - La matrice d&#039;Eisenhower : un outil pour d\u00e9finir ses priorit\u00e9s<\/title>\n<meta name=\"description\" content=\"Utilisez la matrice d&#039;Eisenhower pour identifier vos priorit\u00e9s et rester concentr\u00e9\u00b7e sur ce qui est r\u00e9ellement important pour vous !\" \/>\n<meta name=\"robots\" content=\"index, follow, max-snippet:-1, max-image-preview:large, max-video-preview:-1\" \/>\n<link rel=\"canonical\" href=\"https:\/\/my365.fr\/blog\/2022\/03\/16\/matrice-deisenhower-definir-ses-priorites\/\" \/>\n<meta property=\"og:locale\" content=\"fr_FR\" \/>\n<meta property=\"og:type\" content=\"article\" \/>\n<meta property=\"og:title\" content=\"Le blog de My 365 - La matrice d&#039;Eisenhower : un outil pour d\u00e9finir ses priorit\u00e9s\" \/>\n<meta property=\"og:description\" content=\"Utilisez la matrice d&#039;Eisenhower pour identifier vos priorit\u00e9s et rester concentr\u00e9\u00b7e sur ce qui est r\u00e9ellement important pour vous !\" \/>\n<meta property=\"og:url\" content=\"https:\/\/my365.fr\/blog\/2022\/03\/16\/matrice-deisenhower-definir-ses-priorites\/\" \/>\n<meta property=\"og:site_name\" content=\"Le blog de My 365\" \/>\n<meta property=\"article:publisher\" content=\"https:\/\/www.facebook.com\/myAgenda365\" \/>\n<meta property=\"article:published_time\" content=\"2022-03-16T09:52:30+00:00\" \/>\n<meta property=\"article:modified_time\" content=\"2022-03-16T09:53:39+00:00\" \/>\n<meta property=\"og:image\" content=\"https:\/\/my365.fr\/blog\/wp-content\/uploads\/2022\/03\/matrice-eisenhower-definir-priorite\u0301s-1.jpg\" \/>\n\t<meta property=\"og:image:width\" content=\"1200\" \/>\n\t<meta property=\"og:image:height\" content=\"665\" \/>\n\t<meta property=\"og:image:type\" content=\"image\/jpeg\" \/>\n<meta name=\"author\" content=\"Amandine\" \/>\n<meta name=\"twitter:card\" content=\"summary_large_image\" \/>\n<meta name=\"twitter:creator\" content=\"@myAgenda365\" \/>\n<meta name=\"twitter:site\" content=\"@myAgenda365\" \/>\n<meta name=\"twitter:label1\" content=\"\u00c9crit par\" \/>\n\t<meta name=\"twitter:data1\" content=\"Amandine\" \/>\n\t<meta name=\"twitter:label2\" content=\"Dur\u00e9e de lecture estim\u00e9e\" \/>\n\t<meta name=\"twitter:data2\" content=\"3 minutes\" \/>\n<script type=\"application\/ld+json\" class=\"yoast-schema-graph\">{\"@context\":\"https:\/\/schema.org\",\"@graph\":[{\"@type\":\"WebPage\",\"@id\":\"https:\/\/my365.fr\/blog\/2022\/03\/16\/matrice-deisenhower-definir-ses-priorites\/\",\"url\":\"https:\/\/my365.fr\/blog\/2022\/03\/16\/matrice-deisenhower-definir-ses-priorites\/\",\"name\":\"Le blog de My 365 - La matrice d'Eisenhower : un outil pour d\u00e9finir ses priorit\u00e9s\",\"isPartOf\":{\"@id\":\"https:\/\/my365.fr\/blog\/#website\"},\"primaryImageOfPage\":{\"@id\":\"https:\/\/my365.fr\/blog\/2022\/03\/16\/matrice-deisenhower-definir-ses-priorites\/#primaryimage\"},\"image\":{\"@id\":\"https:\/\/my365.fr\/blog\/2022\/03\/16\/matrice-deisenhower-definir-ses-priorites\/#primaryimage\"},\"thumbnailUrl\":\"https:\/\/my365.fr\/blog\/wp-content\/uploads\/2022\/03\/matrice-eisenhower-definir-priorite\u0301s-1.jpg\",\"datePublished\":\"2022-03-16T09:52:30+00:00\",\"dateModified\":\"2022-03-16T09:53:39+00:00\",\"author\":{\"@id\":\"https:\/\/my365.fr\/blog\/#\/schema\/person\/4028756036a7af46b089a7d5714de280\"},\"description\":\"Utilisez la matrice d'Eisenhower pour identifier vos priorit\u00e9s et rester concentr\u00e9\u00b7e sur ce qui est r\u00e9ellement important pour vous !\",\"breadcrumb\":{\"@id\":\"https:\/\/my365.fr\/blog\/2022\/03\/16\/matrice-deisenhower-definir-ses-priorites\/#breadcrumb\"},\"inLanguage\":\"fr-FR\",\"potentialAction\":[{\"@type\":\"ReadAction\",\"target\":[\"https:\/\/my365.fr\/blog\/2022\/03\/16\/matrice-deisenhower-definir-ses-priorites\/\"]}]},{\"@type\":\"ImageObject\",\"inLanguage\":\"fr-FR\",\"@id\":\"https:\/\/my365.fr\/blog\/2022\/03\/16\/matrice-deisenhower-definir-ses-priorites\/#primaryimage\",\"url\":\"https:\/\/my365.fr\/blog\/wp-content\/uploads\/2022\/03\/matrice-eisenhower-definir-priorite\u0301s-1.jpg\",\"contentUrl\":\"https:\/\/my365.fr\/blog\/wp-content\/uploads\/2022\/03\/matrice-eisenhower-definir-priorite\u0301s-1.jpg\",\"width\":1200,\"height\":665},{\"@type\":\"BreadcrumbList\",\"@id\":\"https:\/\/my365.fr\/blog\/2022\/03\/16\/matrice-deisenhower-definir-ses-priorites\/#breadcrumb\",\"itemListElement\":[{\"@type\":\"ListItem\",\"position\":1,\"name\":\"Accueil\",\"item\":\"https:\/\/my365.fr\/blog\/\"},{\"@type\":\"ListItem\",\"position\":2,\"name\":\"La matrice d&rsquo;Eisenhower : un outil pour d\u00e9finir ses priorit\u00e9s\"}]},{\"@type\":\"WebSite\",\"@id\":\"https:\/\/my365.fr\/blog\/#website\",\"url\":\"https:\/\/my365.fr\/blog\/\",\"name\":\"Le blog de My 365\",\"description\":\"\",\"potentialAction\":[{\"@type\":\"SearchAction\",\"target\":{\"@type\":\"EntryPoint\",\"urlTemplate\":\"https:\/\/my365.fr\/blog\/?s={search_term_string}\"},\"query-input\":{\"@type\":\"PropertyValueSpecification\",\"valueRequired\":true,\"valueName\":\"search_term_string\"}}],\"inLanguage\":\"fr-FR\"},{\"@type\":\"Person\",\"@id\":\"https:\/\/my365.fr\/blog\/#\/schema\/person\/4028756036a7af46b089a7d5714de280\",\"name\":\"Amandine\",\"image\":{\"@type\":\"ImageObject\",\"inLanguage\":\"fr-FR\",\"@id\":\"https:\/\/my365.fr\/blog\/#\/schema\/person\/image\/\",\"url\":\"https:\/\/secure.gravatar.com\/avatar\/facd3b9234f0ca82f1c25db4a2283e68?s=96&d=mm&r=g\",\"contentUrl\":\"https:\/\/secure.gravatar.com\/avatar\/facd3b9234f0ca82f1c25db4a2283e68?s=96&d=mm&r=g\",\"caption\":\"Amandine\"},\"url\":\"https:\/\/my365.fr\/blog\/author\/amandine\/\"}]}<\/script>\n<!-- \/ Yoast SEO plugin. -->","yoast_head_json":{"title":"Le blog de My 365 - La matrice d'Eisenhower : un outil pour d\u00e9finir ses priorit\u00e9s","description":"Utilisez la matrice d'Eisenhower pour identifier vos priorit\u00e9s et rester concentr\u00e9\u00b7e sur ce qui est r\u00e9ellement important pour vous !","robots":{"index":"index","follow":"follow","max-snippet":"max-snippet:-1","max-image-preview":"max-image-preview:large","max-video-preview":"max-video-preview:-1"},"canonical":"https:\/\/my365.fr\/blog\/2022\/03\/16\/matrice-deisenhower-definir-ses-priorites\/","og_locale":"fr_FR","og_type":"article","og_title":"Le blog de My 365 - La matrice d'Eisenhower : un outil pour d\u00e9finir ses priorit\u00e9s","og_description":"Utilisez la matrice d'Eisenhower pour identifier vos priorit\u00e9s et rester concentr\u00e9\u00b7e sur ce qui est r\u00e9ellement important pour vous !","og_url":"https:\/\/my365.fr\/blog\/2022\/03\/16\/matrice-deisenhower-definir-ses-priorites\/","og_site_name":"Le blog de My 365","article_publisher":"https:\/\/www.facebook.com\/myAgenda365","article_published_time":"2022-03-16T09:52:30+00:00","article_modified_time":"2022-03-16T09:53:39+00:00","og_image":[{"width":1200,"height":665,"url":"https:\/\/my365.fr\/blog\/wp-content\/uploads\/2022\/03\/matrice-eisenhower-definir-priorite\u0301s-1.jpg","type":"image\/jpeg"}],"author":"Amandine","twitter_card":"summary_large_image","twitter_creator":"@myAgenda365","twitter_site":"@myAgenda365","twitter_misc":{"\u00c9crit par":"Amandine","Dur\u00e9e de lecture estim\u00e9e":"3 minutes"},"schema":{"@context":"https:\/\/schema.org","@graph":[{"@type":"WebPage","@id":"https:\/\/my365.fr\/blog\/2022\/03\/16\/matrice-deisenhower-definir-ses-priorites\/","url":"https:\/\/my365.fr\/blog\/2022\/03\/16\/matrice-deisenhower-definir-ses-priorites\/","name":"Le blog de My 365 - La matrice d'Eisenhower : un outil pour d\u00e9finir ses priorit\u00e9s","isPartOf":{"@id":"https:\/\/my365.fr\/blog\/#website"},"primaryImageOfPage":{"@id":"https:\/\/my365.fr\/blog\/2022\/03\/16\/matrice-deisenhower-definir-ses-priorites\/#primaryimage"},"image":{"@id":"https:\/\/my365.fr\/blog\/2022\/03\/16\/matrice-deisenhower-definir-ses-priorites\/#primaryimage"},"thumbnailUrl":"https:\/\/my365.fr\/blog\/wp-content\/uploads\/2022\/03\/matrice-eisenhower-definir-priorite\u0301s-1.jpg","datePublished":"2022-03-16T09:52:30+00:00","dateModified":"2022-03-16T09:53:39+00:00","author":{"@id":"https:\/\/my365.fr\/blog\/#\/schema\/person\/4028756036a7af46b089a7d5714de280"},"description":"Utilisez la matrice d'Eisenhower pour identifier vos priorit\u00e9s et rester concentr\u00e9\u00b7e sur ce qui est r\u00e9ellement important pour vous !","breadcrumb":{"@id":"https:\/\/my365.fr\/blog\/2022\/03\/16\/matrice-deisenhower-definir-ses-priorites\/#breadcrumb"},"inLanguage":"fr-FR","potentialAction":[{"@type":"ReadAction","target":["https:\/\/my365.fr\/blog\/2022\/03\/16\/matrice-deisenhower-definir-ses-priorites\/"]}]},{"@type":"ImageObject","inLanguage":"fr-FR","@id":"https:\/\/my365.fr\/blog\/2022\/03\/16\/matrice-deisenhower-definir-ses-priorites\/#primaryimage","url":"https:\/\/my365.fr\/blog\/wp-content\/uploads\/2022\/03\/matrice-eisenhower-definir-priorite\u0301s-1.jpg","contentUrl":"https:\/\/my365.fr\/blog\/wp-content\/uploads\/2022\/03\/matrice-eisenhower-definir-priorite\u0301s-1.jpg","width":1200,"height":665},{"@type":"BreadcrumbList","@id":"https:\/\/my365.fr\/blog\/2022\/03\/16\/matrice-deisenhower-definir-ses-priorites\/#breadcrumb","itemListElement":[{"@type":"ListItem","position":1,"name":"Accueil","item":"https:\/\/my365.fr\/blog\/"},{"@type":"ListItem","position":2,"name":"La matrice d&rsquo;Eisenhower : un outil pour d\u00e9finir ses priorit\u00e9s"}]},{"@type":"WebSite","@id":"https:\/\/my365.fr\/blog\/#website","url":"https:\/\/my365.fr\/blog\/","name":"Le blog de My 365","description":"","potentialAction":[{"@type":"SearchAction","target":{"@type":"EntryPoint","urlTemplate":"https:\/\/my365.fr\/blog\/?s={search_term_string}"},"query-input":{"@type":"PropertyValueSpecification","valueRequired":true,"valueName":"search_term_string"}}],"inLanguage":"fr-FR"},{"@type":"Person","@id":"https:\/\/my365.fr\/blog\/#\/schema\/person\/4028756036a7af46b089a7d5714de280","name":"Amandine","image":{"@type":"ImageObject","inLanguage":"fr-FR","@id":"https:\/\/my365.fr\/blog\/#\/schema\/person\/image\/","url":"https:\/\/secure.gravatar.com\/avatar\/facd3b9234f0ca82f1c25db4a2283e68?s=96&d=mm&r=g","contentUrl":"https:\/\/secure.gravatar.com\/avatar\/facd3b9234f0ca82f1c25db4a2283e68?s=96&d=mm&r=g","caption":"Amandine"},"url":"https:\/\/my365.fr\/blog\/author\/amandine\/"}]}},"_links":{"self":[{"href":"https:\/\/my365.fr\/blog\/wp-json\/wp\/v2\/posts\/1881"}],"collection":[{"href":"https:\/\/my365.fr\/blog\/wp-json\/wp\/v2\/posts"}],"about":[{"href":"https:\/\/my365.fr\/blog\/wp-json\/wp\/v2\/types\/post"}],"author":[{"embeddable":true,"href":"https:\/\/my365.fr\/blog\/wp-json\/wp\/v2\/users\/8"}],"replies":[{"embeddable":true,"href":"https:\/\/my365.fr\/blog\/wp-json\/wp\/v2\/comments?post=1881"}],"version-history":[{"count":14,"href":"https:\/\/my365.fr\/blog\/wp-json\/wp\/v2\/posts\/1881\/revisions"}],"predecessor-version":[{"id":1898,"href":"https:\/\/my365.fr\/blog\/wp-json\/wp\/v2\/posts\/1881\/revisions\/1898"}],"wp:featuredmedia":[{"embeddable":true,"href":"https:\/\/my365.fr\/blog\/wp-json\/wp\/v2\/media\/1889"}],"wp:attachment":[{"href":"https:\/\/my365.fr\/blog\/wp-json\/wp\/v2\/media?parent=1881"}],"wp:term":[{"taxonomy":"category","embeddable":true,"href":"https:\/\/my365.fr\/blog\/wp-json\/wp\/v2\/categories?post=1881"},{"taxonomy":"post_tag","embeddable":true,"href":"https:\/\/my365.fr\/blog\/wp-json\/wp\/v2\/tags?post=1881"}],"curies":[{"name":"wp","href":"https:\/\/api.w.org\/{rel}","templated":true}]}}