{"id":1493,"date":"2020-04-08T17:23:30","date_gmt":"2020-04-08T16:23:30","guid":{"rendered":"https:\/\/my365.fr\/blog\/?p=1493"},"modified":"2021-05-26T17:01:59","modified_gmt":"2021-05-26T16:01:59","slug":"interview-planification-des-repas-et-batch-cooking-avec-sabrina","status":"publish","type":"post","link":"https:\/\/my365.fr\/blog\/2020\/04\/08\/interview-planification-des-repas-et-batch-cooking-avec-sabrina\/","title":{"rendered":"INTERVIEW. Planification des repas et batch cooking avec Sabrina."},"content":{"rendered":"\n<p class=\"has-drop-cap\">Cuisiner peut s\u2019av\u00e9rer \u00eatre inspirant pour certain\u00b7es mais \u00eatre fastidieux pour d\u2019autres. Pour autant, nous avons envie, le plus souvent possible, de bien manger sans se laisser aller \u00e0 la facilit\u00e9 des sandwiches, plats pr\u00e9par\u00e9s ou commandes.&nbsp;L\u2019astuce pour y parvenir serait alors de planifier les repas de la semaine. Cela pourrait permettre un gain de temps, d\u2019argent et le gaspillage serait \u00e9vit\u00e9.&nbsp;<br><br>Mais comment se lancer ? Cela peut sembler facile au premier abord mais n&rsquo;avons-nous pas besoin de quelques conseils pour d\u00e9buter ? Questionnons alors Sabrina Pommier du blog Sab\u2019N\u2019Pepper qui anime des ateliers de cuisine et de batch cooking. La planification des repas n\u2019a, en effet, plus aucuns secrets pour elle !<\/p>\n\n\n\n<!--more-->\n\n\n\n<h3 class=\"wp-block-heading\">Pouvez-vous, en quelques mots, m\u2019expliquer votre parcours ? Qu\u2019est-ce qui vous a amen\u00e9e \u00e0 planifier vos repas de la semaine comme une pro et \u00e0 en faire un blog ?<\/h3>\n\n\n\n<div class=\"wp-block-image\"><figure class=\"alignleft size-large\"><img loading=\"lazy\" decoding=\"async\" width=\"300\" height=\"300\" src=\"https:\/\/my365.fr\/blog\/wp-content\/uploads\/2020\/04\/sabnpepper-300x300-1-e1586358265256.jpg\" alt=\"Photo de Sabrina du blog Sab\u2019N\u2019Pepper.\" class=\"wp-image-1566\"\/><\/figure><\/div>\n\n\n\n<p>J&rsquo;ai 39 ans et j&rsquo;ai l&rsquo;impression d&rsquo;avoir d\u00e9j\u00e0 eu trois ou quatre vies. Apr\u00e8s quelques ann\u00e9es en tant que charg\u00e9e de communication, j&rsquo;ai fait une reconversion professionnelle. \u00c0 36 ans, j&rsquo;ai pass\u00e9 mon CAP Cuisine \u00e0 l&rsquo;\u00e9cole Ferrandi. Et une bonne nouvelle n&rsquo;arrivant jamais seule, je suis tomb\u00e9e enceinte au m\u00eame moment. C&rsquo;est l\u00e0 que la planification des repas est entr\u00e9e dans ma vie. Quand un enfant arrive dans la vie d&rsquo;un couple, \u00e7a bouleverse tout. Il y a tant de choses \u00e0 penser. Et une question revient tout le temps \u00ab\u00a0qu&rsquo;est-ce qu&rsquo;on mange ce soir ?\u00a0\u00bb. \u00c0 ce moment-l\u00e0, j&rsquo;ai commenc\u00e9 \u00e0 planifier nos menus en faisant la liste des courses correspondantes.<br><br>Aux 18 mois de ma fille, j&rsquo;ai d\u00fb reprendre un travail et c&rsquo;est l\u00e0 que le batch cooking est arriv\u00e9. Je rentrais tard et il fallait que je trouve un moyen de ne pas courir le soir. Entre le bain et la pr\u00e9paration des repas, je voulais profiter de ma fille. Pas seulement le week-end mais aussi les soirs de semaine. <br><\/p>\n\n\n\n<h3 class=\"wp-block-heading\">Nous sommes souvent en manque d\u2019inspiration face \u00e0 la pr\u00e9paration du repas, alors planifier tous les repas de la semaine peut faire peur. O\u00f9 trouvez-vous vos id\u00e9es de recettes ?&nbsp;<\/h3>\n\n\n\n<p>Pour trouver l&rsquo;inspiration, c&rsquo;est bien simple : entre Pinterest, Instagram, les livres et les magazines de cuisine, il y a de nombreux moyens de trouver des recettes. Mais je crois aussi aux recettes simples, rapides et \u00ab\u00a0d\u00e9clinables\u00a0\u00bb. Dans mon ebook, <a href=\"https:\/\/www.sabnpepper.com\/produit\/cuisinez-vite-bien-et-malin-pour-toute-la-famille\/\">Cuisinez vite et malin pour toute la famille<\/a>, il y a ce que j&rsquo;ai appel\u00e9 les \u00ab\u00a0Fiches recettes : 1 base, 12 possibilit\u00e9s\u00a0\u00bb. C&rsquo;est-\u00e0-dire qu&rsquo;avec une recette de base (de quiches, de cakes, d&rsquo;omelettes), je d\u00e9cline 12 versions. Voil\u00e0 une mani\u00e8re facile de cuisiner de nouveaux plats, sans se prendre la t\u00eate.&nbsp;<\/p>\n\n\n\n<h3 class=\"wp-block-heading\">Comment commencer ? Existe-t-il certaines \u00e9tapes \u00e0 respecter dans l\u2019organisation des repas pour en tirer tous les b\u00e9n\u00e9fices ?<br><\/h3>\n\n\n\n<p>Il faut partir des go\u00fbts de sa famille, de nos plats pr\u00e9f\u00e9r\u00e9s. Et pour se simplifier la t\u00e2che, et ne pas trop se casser la t\u00eate, pourquoi ne pas attribuer un plat par jour ? Lundi : veggie, Mardi : Poulet, Mercredi : riz, Jeudi : cuisine du monde, Vendredi : Pizza, Samedi : Quiche,&nbsp; Dimanche : lasagnes ou p\u00e2tes. \u00c7a peut \u00eatre une mani\u00e8re de simplifier les choses.<\/p>\n\n\n\n<figure class=\"wp-block-image size-large\"><img loading=\"lazy\" decoding=\"async\" width=\"1000\" height=\"667\" src=\"https:\/\/my365.fr\/blog\/wp-content\/uploads\/2020\/03\/Sabnpepperrosti.jpg\" alt=\"Rosti de butternut\" class=\"wp-image-1545\" srcset=\"https:\/\/my365.fr\/blog\/wp-content\/uploads\/2020\/03\/Sabnpepperrosti.jpg 1000w, https:\/\/my365.fr\/blog\/wp-content\/uploads\/2020\/03\/Sabnpepperrosti-300x200.jpg 300w, https:\/\/my365.fr\/blog\/wp-content\/uploads\/2020\/03\/Sabnpepperrosti-768x512.jpg 768w\" sizes=\"(max-width: 709px) 85vw, (max-width: 909px) 67vw, (max-width: 1362px) 62vw, 840px\" \/><figcaption><em>Rosti de butternut &#8211; Photo \/ Sabnpepper<\/em><\/figcaption><\/figure>\n\n\n\n<h3 class=\"wp-block-heading\">Organisez-vous toujours vos repas ou laissez-vous place \u00e0 une part d\u2019improvisation ? Si oui, comment l\u2019int\u00e9grer \u00e0 la planification ?<\/h3>\n\n\n\n<p>Depuis bient\u00f4t 3 ans, tous mes menus sont planifi\u00e9s, et la liste des courses est faite en cons\u00e9quence. Mais avec les m\u00eames ingr\u00e9dients, on peut faire bien des plats. Si j&rsquo;ai pr\u00e9vu une pur\u00e9e de patates douces, je peux d\u00e9cider \u00e0 la derni\u00e8re minute d&rsquo;en faire des frites au four. Planifier l&rsquo;improvisation me semble un peu compliqu\u00e9 :-D. Par contre, s&rsquo;\u00e9couter et se laisser inspirer me semble tout \u00e0 fait compatible.<br><\/p>\n\n\n\n<h3 class=\"wp-block-heading\">Pouvez-vous nous expliquer ce qu\u2019est le batch cooking ?&nbsp;<\/h3>\n\n\n\n<p>Le batch cooking consiste \u00e0 \u00ab\u00a0cuisiner en lots\u00a0\u00bb. C&rsquo;est-\u00e0-dire prendre 2-3 h pour cuisiner ses plats de la semaine. Certains y ajoutent les go\u00fbters et les desserts.&nbsp;<br><br>C&rsquo;est une m\u00e9thode qui peut s&rsquo;adapter aux habitudes culinaires et au go\u00fbt de chacun. Par exemple, je cuisine les d\u00eeners du lundi au jeudi avec une compote et un go\u00fbter. Avec les restes, je nous pr\u00e9pare nos lunch boxes du lendemain midi. <br><\/p>\n\n\n\n<h3 class=\"wp-block-heading\">Pr\u00e9parer ses repas \u00e0 l\u2019avance induit la conservation des produits, avez-vous des conseils particuliers \u00e0 ce sujet ?&nbsp;<\/h3>\n\n\n\n<p>Il faut faire preuve de bon sens et suivre 2-3 r\u00e8gles. Les produits sensibles comme la viande hach\u00e9e et le poisson doivent \u00eatre mang\u00e9s dans les 24 \u00e0 48h. Pour le reste, tout tient 3-4 jours au r\u00e9frig\u00e9rateur. \u00c0 la maison, c&rsquo;est souvent la quiche qui est mang\u00e9e \u00e0 J+4. En cas de doute : penser \u00e0 la cong\u00e9lation. \u00c7a \u00e9vite tout risque d&rsquo;intoxication alimentaire.<\/p>\n\n\n\n<figure class=\"wp-block-image size-large\"><img loading=\"lazy\" decoding=\"async\" width=\"1000\" height=\"667\" src=\"https:\/\/my365.fr\/blog\/wp-content\/uploads\/2020\/03\/Sabnpepper-Falafel.jpg\" alt=\"Falalfels\" class=\"wp-image-1551\" srcset=\"https:\/\/my365.fr\/blog\/wp-content\/uploads\/2020\/03\/Sabnpepper-Falafel.jpg 1000w, https:\/\/my365.fr\/blog\/wp-content\/uploads\/2020\/03\/Sabnpepper-Falafel-300x200.jpg 300w, https:\/\/my365.fr\/blog\/wp-content\/uploads\/2020\/03\/Sabnpepper-Falafel-768x512.jpg 768w\" sizes=\"(max-width: 709px) 85vw, (max-width: 909px) 67vw, (max-width: 1362px) 62vw, 840px\" \/><figcaption><em>Falafel &#8211; Photo \/ Sabnpepper<\/em><\/figcaption><\/figure>\n\n\n\n<h3 class=\"wp-block-heading\">Quels sont les bienfaits de la planification des repas et du batch cooking ?<\/h3>\n\n\n\n<p>Il y en a tellement\u2026<\/p>\n\n\n\n<ul class=\"spaced-list wp-block-list\"><li><strong>La diminution de la charge mentale<\/strong>. En tant que  maman, on a tellement de choses \u00e0 penser&#8230; Le rdv chez le p\u00e9diatre,  payer la cantine, racheter des chaussures au petit-dernier&#8230; Gr\u00e2ce \u00e0 la  planification des repas, j&rsquo;\u00e9limine la question des repas. Fini le  \u00ab\u00a0qu&rsquo;est-ce qu&rsquo;on mange ce soir ?\u00a0\u00bb. Tout est inscrit sur mon agenda et  sur le frigo. Je n&rsquo;y pense plus. Et je peux penser \u00e0 autre chose. <br><\/li><li><strong>Les \u00e9conomies<\/strong> : le fait de faire une liste de courses correspondant exactement \u00e0 ce que l&rsquo;on va manger \u00e9vite les achats superflus et impulsifs.<br><\/li><li><strong>La solution anti-gaspi<\/strong> : si jamais il y a des restes, on peut congeler. Et les ressortir les jours de flemme. <br><\/li><li><strong>Le gain de temps et d\u2019\u00e9nergie<\/strong> : je ne me retrouve plus jamais \u00e0 farfouiller dans mon frigo et mes placards \u00e0 la recherche  d&rsquo;une id\u00e9e qui ne vient jamais. Pour finir par manger des coquillettes au beurre. Et puis en rentrant, je peux passer du temps de qualit\u00e9 avec mon conjoint et ma fille. On peut jouer, rigoler, sauter sur le lit, lire des histoires, faire des puzzles, sans avoir les yeux sur la montre car c&rsquo;est l&rsquo;heure de pr\u00e9parer le d\u00eener. Car bonne nouvelle : le d\u00eener est d\u00e9j\u00e0 pr\u00eat ! Tout au plus, je passe 2 minutes \u00e0 sortir la quiche du frigo. <br><\/li><li><strong>Vari\u00e9t\u00e9 des plats<\/strong> : planifier ses repas permet aussi  d&rsquo;essayer de nouvelles recettes. \u00c0 la maison, on est gourmands et curieux  et on adore d\u00e9couvrir de nouvelles saveurs.<br><\/li><li><strong>Manger \u00e9quilibr\u00e9<\/strong> : planifier ses repas permet d&rsquo;avoir  une vue d&rsquo;ensemble de la semaine de repas. S&rsquo;il n&rsquo;y a pas assez de  l\u00e9gumes, il est facile de rectifier le tir.&nbsp;&nbsp;<\/li><\/ul>\n\n\n\n<figure class=\"wp-block-image size-large\"><img loading=\"lazy\" decoding=\"async\" width=\"1024\" height=\"684\" src=\"https:\/\/my365.fr\/blog\/wp-content\/uploads\/2020\/03\/sabnpeppersablechoc-1-1024x684.jpg\" alt=\"Nids au chocolat\" class=\"wp-image-1552\" srcset=\"https:\/\/my365.fr\/blog\/wp-content\/uploads\/2020\/03\/sabnpeppersablechoc-1-1024x684.jpg 1024w, https:\/\/my365.fr\/blog\/wp-content\/uploads\/2020\/03\/sabnpeppersablechoc-1-300x200.jpg 300w, https:\/\/my365.fr\/blog\/wp-content\/uploads\/2020\/03\/sabnpeppersablechoc-1-768x513.jpg 768w, https:\/\/my365.fr\/blog\/wp-content\/uploads\/2020\/03\/sabnpeppersablechoc-1.jpg 1080w\" sizes=\"(max-width: 709px) 85vw, (max-width: 909px) 67vw, (max-width: 1362px) 62vw, 840px\" \/><figcaption><em>Nids au chocolat &#8211; Photo \/ Sabnpepper<\/em><\/figcaption><\/figure>\n\n\n\n<h3 class=\"wp-block-heading\">Et pour finir, quelle recette avez-vous concoct\u00e9 pour ce soir ?<\/h3>\n\n\n\n<p>Ce soir, direction l&rsquo;Argentine avec des empanadas au fromage ! C&rsquo;est un repas complet et \u00e9quilibr\u00e9, on les accompagnera d&rsquo;une salade de crudit\u00e9s.&nbsp;&nbsp;<\/p>\n\n\n\n<h2 class=\"wp-block-heading\">Pour aller plus loin :<\/h2>\n\n\n\n<p><strong>Pour planifier vos repas facilement et vous lancer dans le batch cooking, Sabrina Pommier vous explique tout sur son blog <a href=\"https:\/\/www.sabnpepper.com\/\" target=\"_blank\" rel=\"noreferrer noopener\" aria-label=\" (s\u2019ouvre dans un nouvel onglet)\">Sab\u2019N\u2019Pepper<\/a>. <\/strong>Vous aimerez popoter et essayer ses mille et une recettes tr\u00e8s inspirantes. Hum, \u00e7a sent d\u00e9j\u00e0 tr\u00e8s bon ! Vous pouvez \u00e9galement vous plonger dans son <a href=\"https:\/\/www.sabnpepper.com\/produit\/cuisinez-vite-bien-et-malin-pour-toute-la-famille\/\" target=\"_blank\" rel=\"noreferrer noopener\" aria-label=\" (s\u2019ouvre dans un nouvel onglet)\">Ebook<\/a> et suivre Sabrina sur <a href=\"https:\/\/www.facebook.com\/SabnPepper\" target=\"_blank\" rel=\"noreferrer noopener\" aria-label=\" (s\u2019ouvre dans un nouvel onglet)\">Facebook<\/a> et <a href=\"https:\/\/www.instagram.com\/sabnpepper\/\" target=\"_blank\" rel=\"noreferrer noopener\" aria-label=\" (s\u2019ouvre dans un nouvel onglet)\">Instagram<\/a>&nbsp; !<\/p>\n\n\n\n<p><strong>Vous pouvez aussi trouver de nombreuses ressources chez les blogueuses passionn\u00e9es de cuisine et de planification. Voici notre s\u00e9lection : <\/strong><\/p>\n\n\n\n<ul class=\"wp-block-list\"><li>Natasha Tourabi du blog \u00ab\u00a0\u00c9chos verts\u00a0\u00bb nous propose <a href=\"https:\/\/echosverts.com\/2016\/06\/08\/pourquoi-et-comment-planifier-ses-menus\/\" target=\"_blank\" rel=\"noreferrer noopener\" aria-label=\" (s\u2019ouvre dans un nouvel onglet)\">5 bonnes raisons de planifier ses menus<\/a>. <\/li><li>Julie de \u00ab\u00a0Make you Happy\u00a0\u00bb nous explique <a href=\"https:\/\/www.make-you-happy.fr\/organisation\/planifier-ses-menus\/\" target=\"_blank\" rel=\"noreferrer noopener\" aria-label=\" (s\u2019ouvre dans un nouvel onglet)\">pourquoi et comment planifier ses menus<\/a> sur son blog.<\/li><li>M\u00e9lanie du blog \u00ab\u00a0Le cul de poule\u00a0\u00bb nous propose son <a href=\"https:\/\/leculdepoule.co\/2020\/01\/24\/meal-prep-vegan-sans-gluten-hiver\/#more-5714\">MEAL PREP VEGAN \/ Sans gluten, Hiver<\/a> et son<a href=\"https:\/\/leculdepoule.co\/tag\/batch-cooking\/\" target=\"_blank\" rel=\"noreferrer noopener\" aria-label=\" (s\u2019ouvre dans un nouvel onglet)\"> menu de la semaine<\/a>.<\/li><\/ul>\n\n\n\n<p><strong>Et pour finir, voici quelques livres pour cuisiner rapidement pour toute la semaine :<\/strong><\/p>\n\n\n\n<ul class=\"wp-block-list\"><li><a aria-label=\" (s\u2019ouvre dans un nouvel onglet)\" rel=\"noreferrer noopener\" href=\"https:\/\/www.librairiesindependantes.com\/product\/9782501139281\/\" target=\"_blank\">Mes premiers pas en Batch cooking veggie <\/a>\u00a0de Keda Black.\u00a0<\/li><li><a aria-label=\" (s\u2019ouvre dans un nouvel onglet)\" rel=\"noreferrer noopener\" href=\"https:\/\/www.librairiesindependantes.com\/product\/9782017059745\/\" target=\"_blank\">En 2h je cuisine Veggie pour toute la semaine <\/a>\u00a0de Caroline Pessin.<\/li><li><a aria-label=\" (s\u2019ouvre dans un nouvel onglet)\" rel=\"noreferrer noopener\" href=\"https:\/\/www.librairiesindependantes.com\/product\/9782412054116\/\" target=\"_blank\">Batch Cooking Libre \/ L\u00e9gumes Addict : 50 Recettes Pour Composer Soi-M\u00eame Sa Semaine \u00c0 L&rsquo;Avance<\/a> de \u00c9milie Laraison.<\/li><li>L&rsquo;ebook de M\u00e9lanie <a href=\"https:\/\/leculdepoule.co\/boutique\/sorganiser-pour-cuisiner-par-ou-commencer-ebook\/\" target=\"_blank\" rel=\"noreferrer noopener\">Le cul de poule<\/a> sur ce sujet !<\/li><\/ul>\n","protected":false},"excerpt":{"rendered":"<p>Cuisiner peut s\u2019av\u00e9rer \u00eatre inspirant pour certain\u00b7es mais \u00eatre fastidieux pour d\u2019autres. Pour autant, nous avons envie, le plus souvent possible, de bien manger sans se laisser aller \u00e0 la facilit\u00e9 des sandwiches, plats pr\u00e9par\u00e9s ou commandes.&nbsp;L\u2019astuce pour y parvenir serait alors de planifier les repas de la semaine. Cela pourrait permettre un gain de &hellip; <a href=\"https:\/\/my365.fr\/blog\/2020\/04\/08\/interview-planification-des-repas-et-batch-cooking-avec-sabrina\/\" class=\"more-link\">Continuer la lecture<span class=\"screen-reader-text\"> de &laquo;&nbsp;INTERVIEW. Planification des repas et batch cooking avec Sabrina.&nbsp;&raquo;<\/span><\/a><\/p>\n","protected":false},"author":4,"featured_media":1580,"comment_status":"open","ping_status":"open","sticky":false,"template":"","format":"standard","meta":{"footnotes":""},"categories":[2,124],"tags":[127,11,128,49],"class_list":["post-1493","post","type-post","status-publish","format-standard","has-post-thumbnail","hentry","category-defis","category-interview","tag-batch-cooking","tag-cuisine","tag-interview","tag-organisation"],"yoast_head":"<!-- This site is optimized with the Yoast SEO plugin v23.7 - https:\/\/yoast.com\/wordpress\/plugins\/seo\/ -->\n<title>Le blog de My 365 - INTERVIEW. Planification des repas et batch cooking avec Sabrina.<\/title>\n<meta name=\"robots\" content=\"index, follow, max-snippet:-1, max-image-preview:large, max-video-preview:-1\" \/>\n<link rel=\"canonical\" href=\"https:\/\/my365.fr\/blog\/2020\/04\/08\/interview-planification-des-repas-et-batch-cooking-avec-sabrina\/\" \/>\n<meta property=\"og:locale\" content=\"fr_FR\" \/>\n<meta property=\"og:type\" content=\"article\" \/>\n<meta property=\"og:title\" content=\"Le blog de My 365 - INTERVIEW. Planification des repas et batch cooking avec Sabrina.\" \/>\n<meta property=\"og:description\" content=\"Cuisiner peut s\u2019av\u00e9rer \u00eatre inspirant pour certain\u00b7es mais \u00eatre fastidieux pour d\u2019autres. Pour autant, nous avons envie, le plus souvent possible, de bien manger sans se laisser aller \u00e0 la facilit\u00e9 des sandwiches, plats pr\u00e9par\u00e9s ou commandes.&nbsp;L\u2019astuce pour y parvenir serait alors de planifier les repas de la semaine. Cela pourrait permettre un gain de &hellip; Continuer la lecture de &laquo;&nbsp;INTERVIEW. Planification des repas et batch cooking avec Sabrina.&nbsp;&raquo;\" \/>\n<meta property=\"og:url\" content=\"https:\/\/my365.fr\/blog\/2020\/04\/08\/interview-planification-des-repas-et-batch-cooking-avec-sabrina\/\" \/>\n<meta property=\"og:site_name\" content=\"Le blog de My 365\" \/>\n<meta property=\"article:publisher\" content=\"https:\/\/www.facebook.com\/myAgenda365\" \/>\n<meta property=\"article:published_time\" content=\"2020-04-08T16:23:30+00:00\" \/>\n<meta property=\"article:modified_time\" content=\"2021-05-26T16:01:59+00:00\" \/>\n<meta property=\"og:image\" content=\"https:\/\/my365.fr\/blog\/wp-content\/uploads\/2020\/04\/sabnpepper-batch-cooking-cover.jpg\" \/>\n\t<meta property=\"og:image:width\" content=\"1000\" \/>\n\t<meta property=\"og:image:height\" content=\"525\" \/>\n\t<meta property=\"og:image:type\" content=\"image\/jpeg\" \/>\n<meta name=\"author\" content=\"No\u00e9mie\" \/>\n<meta name=\"twitter:card\" content=\"summary_large_image\" \/>\n<meta name=\"twitter:creator\" content=\"@myAgenda365\" \/>\n<meta name=\"twitter:site\" content=\"@myAgenda365\" \/>\n<meta name=\"twitter:label1\" content=\"\u00c9crit par\" \/>\n\t<meta name=\"twitter:data1\" content=\"No\u00e9mie\" \/>\n\t<meta name=\"twitter:label2\" content=\"Dur\u00e9e de lecture estim\u00e9e\" \/>\n\t<meta name=\"twitter:data2\" content=\"7 minutes\" \/>\n<script type=\"application\/ld+json\" class=\"yoast-schema-graph\">{\"@context\":\"https:\/\/schema.org\",\"@graph\":[{\"@type\":\"WebPage\",\"@id\":\"https:\/\/my365.fr\/blog\/2020\/04\/08\/interview-planification-des-repas-et-batch-cooking-avec-sabrina\/\",\"url\":\"https:\/\/my365.fr\/blog\/2020\/04\/08\/interview-planification-des-repas-et-batch-cooking-avec-sabrina\/\",\"name\":\"Le blog de My 365 - INTERVIEW. Planification des repas et batch cooking avec Sabrina.\",\"isPartOf\":{\"@id\":\"https:\/\/my365.fr\/blog\/#website\"},\"primaryImageOfPage\":{\"@id\":\"https:\/\/my365.fr\/blog\/2020\/04\/08\/interview-planification-des-repas-et-batch-cooking-avec-sabrina\/#primaryimage\"},\"image\":{\"@id\":\"https:\/\/my365.fr\/blog\/2020\/04\/08\/interview-planification-des-repas-et-batch-cooking-avec-sabrina\/#primaryimage\"},\"thumbnailUrl\":\"https:\/\/my365.fr\/blog\/wp-content\/uploads\/2020\/04\/sabnpepper-batch-cooking-cover.jpg\",\"datePublished\":\"2020-04-08T16:23:30+00:00\",\"dateModified\":\"2021-05-26T16:01:59+00:00\",\"author\":{\"@id\":\"https:\/\/my365.fr\/blog\/#\/schema\/person\/ec2d3f39c8e40aec4af5e092ce621b3c\"},\"breadcrumb\":{\"@id\":\"https:\/\/my365.fr\/blog\/2020\/04\/08\/interview-planification-des-repas-et-batch-cooking-avec-sabrina\/#breadcrumb\"},\"inLanguage\":\"fr-FR\",\"potentialAction\":[{\"@type\":\"ReadAction\",\"target\":[\"https:\/\/my365.fr\/blog\/2020\/04\/08\/interview-planification-des-repas-et-batch-cooking-avec-sabrina\/\"]}]},{\"@type\":\"ImageObject\",\"inLanguage\":\"fr-FR\",\"@id\":\"https:\/\/my365.fr\/blog\/2020\/04\/08\/interview-planification-des-repas-et-batch-cooking-avec-sabrina\/#primaryimage\",\"url\":\"https:\/\/my365.fr\/blog\/wp-content\/uploads\/2020\/04\/sabnpepper-batch-cooking-cover.jpg\",\"contentUrl\":\"https:\/\/my365.fr\/blog\/wp-content\/uploads\/2020\/04\/sabnpepper-batch-cooking-cover.jpg\",\"width\":1000,\"height\":525,\"caption\":\"Couverture de l'interview batch cooking\"},{\"@type\":\"BreadcrumbList\",\"@id\":\"https:\/\/my365.fr\/blog\/2020\/04\/08\/interview-planification-des-repas-et-batch-cooking-avec-sabrina\/#breadcrumb\",\"itemListElement\":[{\"@type\":\"ListItem\",\"position\":1,\"name\":\"Accueil\",\"item\":\"https:\/\/my365.fr\/blog\/\"},{\"@type\":\"ListItem\",\"position\":2,\"name\":\"INTERVIEW. Planification des repas et batch cooking avec Sabrina.\"}]},{\"@type\":\"WebSite\",\"@id\":\"https:\/\/my365.fr\/blog\/#website\",\"url\":\"https:\/\/my365.fr\/blog\/\",\"name\":\"Le blog de My 365\",\"description\":\"\",\"potentialAction\":[{\"@type\":\"SearchAction\",\"target\":{\"@type\":\"EntryPoint\",\"urlTemplate\":\"https:\/\/my365.fr\/blog\/?s={search_term_string}\"},\"query-input\":{\"@type\":\"PropertyValueSpecification\",\"valueRequired\":true,\"valueName\":\"search_term_string\"}}],\"inLanguage\":\"fr-FR\"},{\"@type\":\"Person\",\"@id\":\"https:\/\/my365.fr\/blog\/#\/schema\/person\/ec2d3f39c8e40aec4af5e092ce621b3c\",\"name\":\"No\u00e9mie\",\"image\":{\"@type\":\"ImageObject\",\"inLanguage\":\"fr-FR\",\"@id\":\"https:\/\/my365.fr\/blog\/#\/schema\/person\/image\/\",\"url\":\"https:\/\/secure.gravatar.com\/avatar\/ca491574d75c8342a1e17a5ed57ac354?s=96&d=mm&r=g\",\"contentUrl\":\"https:\/\/secure.gravatar.com\/avatar\/ca491574d75c8342a1e17a5ed57ac354?s=96&d=mm&r=g\",\"caption\":\"No\u00e9mie\"},\"url\":\"https:\/\/my365.fr\/blog\/author\/noemie\/\"}]}<\/script>\n<!-- \/ Yoast SEO plugin. -->","yoast_head_json":{"title":"Le blog de My 365 - INTERVIEW. Planification des repas et batch cooking avec Sabrina.","robots":{"index":"index","follow":"follow","max-snippet":"max-snippet:-1","max-image-preview":"max-image-preview:large","max-video-preview":"max-video-preview:-1"},"canonical":"https:\/\/my365.fr\/blog\/2020\/04\/08\/interview-planification-des-repas-et-batch-cooking-avec-sabrina\/","og_locale":"fr_FR","og_type":"article","og_title":"Le blog de My 365 - INTERVIEW. Planification des repas et batch cooking avec Sabrina.","og_description":"Cuisiner peut s\u2019av\u00e9rer \u00eatre inspirant pour certain\u00b7es mais \u00eatre fastidieux pour d\u2019autres. Pour autant, nous avons envie, le plus souvent possible, de bien manger sans se laisser aller \u00e0 la facilit\u00e9 des sandwiches, plats pr\u00e9par\u00e9s ou commandes.&nbsp;L\u2019astuce pour y parvenir serait alors de planifier les repas de la semaine. Cela pourrait permettre un gain de &hellip; Continuer la lecture de &laquo;&nbsp;INTERVIEW. Planification des repas et batch cooking avec Sabrina.&nbsp;&raquo;","og_url":"https:\/\/my365.fr\/blog\/2020\/04\/08\/interview-planification-des-repas-et-batch-cooking-avec-sabrina\/","og_site_name":"Le blog de My 365","article_publisher":"https:\/\/www.facebook.com\/myAgenda365","article_published_time":"2020-04-08T16:23:30+00:00","article_modified_time":"2021-05-26T16:01:59+00:00","og_image":[{"width":1000,"height":525,"url":"https:\/\/my365.fr\/blog\/wp-content\/uploads\/2020\/04\/sabnpepper-batch-cooking-cover.jpg","type":"image\/jpeg"}],"author":"No\u00e9mie","twitter_card":"summary_large_image","twitter_creator":"@myAgenda365","twitter_site":"@myAgenda365","twitter_misc":{"\u00c9crit par":"No\u00e9mie","Dur\u00e9e de lecture estim\u00e9e":"7 minutes"},"schema":{"@context":"https:\/\/schema.org","@graph":[{"@type":"WebPage","@id":"https:\/\/my365.fr\/blog\/2020\/04\/08\/interview-planification-des-repas-et-batch-cooking-avec-sabrina\/","url":"https:\/\/my365.fr\/blog\/2020\/04\/08\/interview-planification-des-repas-et-batch-cooking-avec-sabrina\/","name":"Le blog de My 365 - INTERVIEW. Planification des repas et batch cooking avec Sabrina.","isPartOf":{"@id":"https:\/\/my365.fr\/blog\/#website"},"primaryImageOfPage":{"@id":"https:\/\/my365.fr\/blog\/2020\/04\/08\/interview-planification-des-repas-et-batch-cooking-avec-sabrina\/#primaryimage"},"image":{"@id":"https:\/\/my365.fr\/blog\/2020\/04\/08\/interview-planification-des-repas-et-batch-cooking-avec-sabrina\/#primaryimage"},"thumbnailUrl":"https:\/\/my365.fr\/blog\/wp-content\/uploads\/2020\/04\/sabnpepper-batch-cooking-cover.jpg","datePublished":"2020-04-08T16:23:30+00:00","dateModified":"2021-05-26T16:01:59+00:00","author":{"@id":"https:\/\/my365.fr\/blog\/#\/schema\/person\/ec2d3f39c8e40aec4af5e092ce621b3c"},"breadcrumb":{"@id":"https:\/\/my365.fr\/blog\/2020\/04\/08\/interview-planification-des-repas-et-batch-cooking-avec-sabrina\/#breadcrumb"},"inLanguage":"fr-FR","potentialAction":[{"@type":"ReadAction","target":["https:\/\/my365.fr\/blog\/2020\/04\/08\/interview-planification-des-repas-et-batch-cooking-avec-sabrina\/"]}]},{"@type":"ImageObject","inLanguage":"fr-FR","@id":"https:\/\/my365.fr\/blog\/2020\/04\/08\/interview-planification-des-repas-et-batch-cooking-avec-sabrina\/#primaryimage","url":"https:\/\/my365.fr\/blog\/wp-content\/uploads\/2020\/04\/sabnpepper-batch-cooking-cover.jpg","contentUrl":"https:\/\/my365.fr\/blog\/wp-content\/uploads\/2020\/04\/sabnpepper-batch-cooking-cover.jpg","width":1000,"height":525,"caption":"Couverture de l'interview batch cooking"},{"@type":"BreadcrumbList","@id":"https:\/\/my365.fr\/blog\/2020\/04\/08\/interview-planification-des-repas-et-batch-cooking-avec-sabrina\/#breadcrumb","itemListElement":[{"@type":"ListItem","position":1,"name":"Accueil","item":"https:\/\/my365.fr\/blog\/"},{"@type":"ListItem","position":2,"name":"INTERVIEW. Planification des repas et batch cooking avec Sabrina."}]},{"@type":"WebSite","@id":"https:\/\/my365.fr\/blog\/#website","url":"https:\/\/my365.fr\/blog\/","name":"Le blog de My 365","description":"","potentialAction":[{"@type":"SearchAction","target":{"@type":"EntryPoint","urlTemplate":"https:\/\/my365.fr\/blog\/?s={search_term_string}"},"query-input":{"@type":"PropertyValueSpecification","valueRequired":true,"valueName":"search_term_string"}}],"inLanguage":"fr-FR"},{"@type":"Person","@id":"https:\/\/my365.fr\/blog\/#\/schema\/person\/ec2d3f39c8e40aec4af5e092ce621b3c","name":"No\u00e9mie","image":{"@type":"ImageObject","inLanguage":"fr-FR","@id":"https:\/\/my365.fr\/blog\/#\/schema\/person\/image\/","url":"https:\/\/secure.gravatar.com\/avatar\/ca491574d75c8342a1e17a5ed57ac354?s=96&d=mm&r=g","contentUrl":"https:\/\/secure.gravatar.com\/avatar\/ca491574d75c8342a1e17a5ed57ac354?s=96&d=mm&r=g","caption":"No\u00e9mie"},"url":"https:\/\/my365.fr\/blog\/author\/noemie\/"}]}},"_links":{"self":[{"href":"https:\/\/my365.fr\/blog\/wp-json\/wp\/v2\/posts\/1493"}],"collection":[{"href":"https:\/\/my365.fr\/blog\/wp-json\/wp\/v2\/posts"}],"about":[{"href":"https:\/\/my365.fr\/blog\/wp-json\/wp\/v2\/types\/post"}],"author":[{"embeddable":true,"href":"https:\/\/my365.fr\/blog\/wp-json\/wp\/v2\/users\/4"}],"replies":[{"embeddable":true,"href":"https:\/\/my365.fr\/blog\/wp-json\/wp\/v2\/comments?post=1493"}],"version-history":[{"count":37,"href":"https:\/\/my365.fr\/blog\/wp-json\/wp\/v2\/posts\/1493\/revisions"}],"predecessor-version":[{"id":1740,"href":"https:\/\/my365.fr\/blog\/wp-json\/wp\/v2\/posts\/1493\/revisions\/1740"}],"wp:featuredmedia":[{"embeddable":true,"href":"https:\/\/my365.fr\/blog\/wp-json\/wp\/v2\/media\/1580"}],"wp:attachment":[{"href":"https:\/\/my365.fr\/blog\/wp-json\/wp\/v2\/media?parent=1493"}],"wp:term":[{"taxonomy":"category","embeddable":true,"href":"https:\/\/my365.fr\/blog\/wp-json\/wp\/v2\/categories?post=1493"},{"taxonomy":"post_tag","embeddable":true,"href":"https:\/\/my365.fr\/blog\/wp-json\/wp\/v2\/tags?post=1493"}],"curies":[{"name":"wp","href":"https:\/\/api.w.org\/{rel}","templated":true}]}}