{"id":1249,"date":"2020-01-07T12:06:40","date_gmt":"2020-01-07T11:06:40","guid":{"rendered":"https:\/\/my365.fr\/blog\/?p=1249"},"modified":"2021-04-08T08:40:59","modified_gmt":"2021-04-08T07:40:59","slug":"prendre-soin-de-soi-selon-florence-leroy","status":"publish","type":"post","link":"https:\/\/my365.fr\/blog\/2020\/01\/07\/prendre-soin-de-soi-selon-florence-leroy\/","title":{"rendered":"Interview. Prendre soin de soi selon Florence Leroy."},"content":{"rendered":"\n<p>J&rsquo;ai eu la chance d&rsquo;interviewer Florence Leroy, coach et conseill\u00e8re conjugale qui aide les femmes (re)trouver joie de vivre et \u00e9quilibre ! Elle est \u00e9galement l&rsquo;auteure de \u00ab\u00a0J&rsquo;arr\u00eate de r\u00e2ler sur mes enfants (et mon conjoint)\u00a0\u00bb et de \u00ab\u00a0Couple sous tension\u00a0\u00bb. Elle nous livre ici l&rsquo;importance de prendre soin de soi.<\/p>\n\n\n\n<!--more-->\n\n\n\n<h3 class=\"wp-block-heading\">Vous proposez des ateliers sur le th\u00e8me \u201cAccompagner les femmes \u00e0 passer \u00e0 l\u2019action pour vivre plus de joie au quotidien\u201d. Comment vous est venue cette jolie id\u00e9e ? Et les hommes alors ?<br><\/h3>\n\n\n\n<div class=\"wp-block-image\"><figure class=\"alignleft size-large\"><img loading=\"lazy\" decoding=\"async\" width=\"300\" height=\"300\" src=\"https:\/\/my365.fr\/blog\/wp-content\/uploads\/2020\/04\/Florence-Leroy-300x300-1.jpg\" alt=\"\" class=\"wp-image-1588\" srcset=\"https:\/\/my365.fr\/blog\/wp-content\/uploads\/2020\/04\/Florence-Leroy-300x300-1.jpg 300w, https:\/\/my365.fr\/blog\/wp-content\/uploads\/2020\/04\/Florence-Leroy-300x300-1-150x150.jpg 150w\" sizes=\"(max-width: 300px) 85vw, 300px\" \/><\/figure><\/div>\n\n\n\n<p>J\u2019ai remarqu\u00e9 que nous avions toutes plein de bonnes id\u00e9es pour prendre soin de nous mais que nous prenions rarement le temps de passer \u00e0 l\u2019action pour les concr\u00e9tiser. Prendre du recul, le temps d\u2019un atelier ou d\u2019un accompagnement, arr\u00eater la roue infernale de la todo list pour respirer est pour moi un premier pas pour arriver \u00e0 concr\u00e9tiser nos projets. Ma posture&nbsp; d\u2019accompagnatrice est de partager ce que j\u2019ai appris et qui m\u2019a \u00e9t\u00e9 pr\u00e9cieux dans ma vie de femme. Alors c\u2019est pour cela que je m\u2019adresse aux femmes.&nbsp;<\/p>\n\n\n\n<h3 class=\"wp-block-heading\">Comment passer du sentiment de devoir s\u2019imposer un moment pour soi \u00e0 celui de s\u2019offrir naturellement du temps ?<br><\/h3>\n\n\n\n<p>C\u2019est en vivant des moments pour soi, que l\u2019on peut en vivre les bienfaits et sentir combien c\u2019est vital pour notre \u00e9quilibre. S\u2019il faut se l\u2019imposer au d\u00e9but c\u2019est que nous n\u2019avons pas appris \u00e0 le faire. J\u2019aime \u00e0 dire que si nous ne bloquons pas des cr\u00e9neaux d\u00e9di\u00e9s dans nos agendas ils ne vont pas s\u2019inviter tous seuls. Cela peut para\u00eetre manquer de naturel mais si nous ne le faisons pas, la vie va se charger de nous donner plein d\u2019excuses pour ne pas le faire. Cette ann\u00e9e j\u2019ai d\u00e9cid\u00e9 de mettre le Nia en priorit\u00e9. J\u2019ai donc bloqu\u00e9 deux cr\u00e9neaux de cours par semaine et r\u00e9serv\u00e9, d\u00e8s le mois de septembre, les samedis o\u00f9 il y avait des ateliers. Je sais que cette pratique me met en joie et j\u2019y tiens. En plus, savoir que j\u2019ai ces rendez-vous avec moi-m\u00eame, me donne de l\u2019\u00e9nergie au quotidien et contribue \u00e0 mon mieux-\u00eatre, m\u00eame dans les coups de mou ou de stress.&nbsp;<br><\/p>\n\n\n\n<figure class=\"wp-block-image size-large is-resized\"><img loading=\"lazy\" decoding=\"async\" src=\"https:\/\/my365.fr\/blog\/wp-content\/uploads\/2019\/12\/luizclas-1-819x1024.jpg\" alt=\"\" class=\"wp-image-1255\" width=\"841\" height=\"1051\" srcset=\"https:\/\/my365.fr\/blog\/wp-content\/uploads\/2019\/12\/luizclas-1-819x1024.jpg 819w, https:\/\/my365.fr\/blog\/wp-content\/uploads\/2019\/12\/luizclas-1-240x300.jpg 240w, https:\/\/my365.fr\/blog\/wp-content\/uploads\/2019\/12\/luizclas-1-768x960.jpg 768w, https:\/\/my365.fr\/blog\/wp-content\/uploads\/2019\/12\/luizclas-1-1229x1536.jpg 1229w, https:\/\/my365.fr\/blog\/wp-content\/uploads\/2019\/12\/luizclas-1-1639x2048.jpg 1639w, https:\/\/my365.fr\/blog\/wp-content\/uploads\/2019\/12\/luizclas-1-1200x1500.jpg 1200w, https:\/\/my365.fr\/blog\/wp-content\/uploads\/2019\/12\/luizclas-1-scaled.jpg 2048w\" sizes=\"(max-width: 709px) 85vw, (max-width: 909px) 67vw, (max-width: 1362px) 62vw, 840px\" \/><figcaption>Photo \/ luizclas<br><\/figcaption><\/figure>\n\n\n\n<h3 class=\"wp-block-heading\">Beaucoup peuvent culpabiliser de prendre du temps pour eux-m\u00eames et trouver cette attitude plut\u00f4t \u00e9go\u00efste. Que leur r\u00e9pondez-vous ?<br><\/h3>\n\n\n\n<p>Oui, notre culture nous a surtout appris \u00e0 prendre soin des autres, d\u2019abord, voire exclusivement. Pourtant, nous sommes les mieux plac\u00e9.e.s pour prendre soin de nous. Personne mieux que nous, sait ce qui nous fait du bien. Quand je ne prends pas soin de moi, et de mes besoins, je suis comme \u00e0 sec, je deviens aigrie et tout m\u2019\u00e9nerve, surtout les autres !&nbsp;Alors je me rends compte que lorsque je prends soin de ce qui est important pour moi, je contribue aussi \u00e0 la qualit\u00e9 de ma relation \u00e0 autrui et cela n\u2019a rien d\u2019\u00e9go\u00efste.&nbsp;<\/p>\n\n\n\n<figure class=\"wp-block-image size-large\"><img loading=\"lazy\" decoding=\"async\" width=\"1024\" height=\"1024\" src=\"https:\/\/my365.fr\/blog\/wp-content\/uploads\/2019\/12\/women-s-white-top-and-orange-floral-skirt-823694-1024x1024.jpg\" alt=\"\" class=\"wp-image-1256\" srcset=\"https:\/\/my365.fr\/blog\/wp-content\/uploads\/2019\/12\/women-s-white-top-and-orange-floral-skirt-823694-1024x1024.jpg 1024w, https:\/\/my365.fr\/blog\/wp-content\/uploads\/2019\/12\/women-s-white-top-and-orange-floral-skirt-823694-300x300.jpg 300w, https:\/\/my365.fr\/blog\/wp-content\/uploads\/2019\/12\/women-s-white-top-and-orange-floral-skirt-823694-150x150.jpg 150w, https:\/\/my365.fr\/blog\/wp-content\/uploads\/2019\/12\/women-s-white-top-and-orange-floral-skirt-823694-768x768.jpg 768w, https:\/\/my365.fr\/blog\/wp-content\/uploads\/2019\/12\/women-s-white-top-and-orange-floral-skirt-823694-1536x1536.jpg 1536w, https:\/\/my365.fr\/blog\/wp-content\/uploads\/2019\/12\/women-s-white-top-and-orange-floral-skirt-823694-2048x2048.jpg 2048w, https:\/\/my365.fr\/blog\/wp-content\/uploads\/2019\/12\/women-s-white-top-and-orange-floral-skirt-823694-1200x1200.jpg 1200w\" sizes=\"(max-width: 709px) 85vw, (max-width: 909px) 67vw, (max-width: 1362px) 62vw, 840px\" \/><figcaption>Photo \/ Samuel Silitonga<\/figcaption><\/figure>\n\n\n\n<h3 class=\"wp-block-heading\">Existe-t-il un conseil de base que vous pouvez donner \u00e0 tous et \u00e0 toutes, au del\u00e0 de&nbsp; nos diff\u00e9rences de mode de vie, de caract\u00e8re ou d\u2019avancement personnel ?<br><\/h3>\n\n\n\n<p>Pour d\u00e9couvrir ce qui nous fait du bien, il faut se souvenir d\u2019un moment agr\u00e9able et se questionner pour identifier en quoi il nous a fait du bien : \u00ab \u00c9tais-je seule ou avec des amis, dans l\u2019action ou dans la d\u00e9tente, en silence ou en musique, au chaud chez moi ou dans le vent de la nature ? \u00bb Bref, identifier les \u00ab crit\u00e8res \u00bb qui d\u00e9finissent ce qui me fait du bien et veiller \u00e0 vivre plus de moments qui \u00ab cochent \u00bb ces crit\u00e8res.&nbsp;<br><\/p>\n\n\n\n<h3 class=\"wp-block-heading\">Pour prendre soin de soi, le secret n\u2019est-il pas d\u2019apprendre \u00e0 s\u2019affirmer face \u00e0 toutes les sollicitations ext\u00e9rieures ?<br><\/h3>\n\n\n\n<p>Oui, et c\u2019est pour cela qu\u2019il est important de se conna\u00eetre, de savoir ce qui nous fait du bien, ce qui nous nourrit. Alors quand les sollicitations ext\u00e9rieures arrivent, je peux choisir de prendre une respiration et de me poser la question : \u00ab est-ce que je respecte ce qui est important pour moi ? \u00bb<br><\/p>\n\n\n\n<figure class=\"wp-block-image size-large\"><img loading=\"lazy\" decoding=\"async\" width=\"1024\" height=\"888\" src=\"https:\/\/my365.fr\/blog\/wp-content\/uploads\/2019\/12\/mountains-nature-arrow-guide-66100-1024x888.jpg\" alt=\"\" class=\"wp-image-1257\" srcset=\"https:\/\/my365.fr\/blog\/wp-content\/uploads\/2019\/12\/mountains-nature-arrow-guide-66100-1024x888.jpg 1024w, https:\/\/my365.fr\/blog\/wp-content\/uploads\/2019\/12\/mountains-nature-arrow-guide-66100-300x260.jpg 300w, https:\/\/my365.fr\/blog\/wp-content\/uploads\/2019\/12\/mountains-nature-arrow-guide-66100-768x666.jpg 768w, https:\/\/my365.fr\/blog\/wp-content\/uploads\/2019\/12\/mountains-nature-arrow-guide-66100-1536x1332.jpg 1536w, https:\/\/my365.fr\/blog\/wp-content\/uploads\/2019\/12\/mountains-nature-arrow-guide-66100-2048x1776.jpg 2048w, https:\/\/my365.fr\/blog\/wp-content\/uploads\/2019\/12\/mountains-nature-arrow-guide-66100-1200x1041.jpg 1200w\" sizes=\"(max-width: 709px) 85vw, (max-width: 909px) 67vw, (max-width: 1362px) 62vw, 840px\" \/><figcaption>Photo \/ Jens Johnssons<\/figcaption><\/figure>\n\n\n\n<h3 class=\"wp-block-heading\">Quels sont les principaux retours des personnes que vous accompagnez ? Vous ont-ils \u00e9galement enrichie ?&nbsp;<br><\/h3>\n\n\n\n<p>Ce que j\u2019adore dans mon m\u00e9tier, c\u2019est le fait de continuer \u00e0 grandir et de cheminer gr\u00e2ce au parcours personnel de chacune de mes clientes. C\u2019est tellement enthousiasmant. Ce qu\u2019elles appr\u00e9cient, que cela soit en accompagnement individuel ou en atelier, c\u2019est le fait que je marche avec elles. Moi aussi, je suis une femme qui jongle avec plusieurs casquettes. Ce qui les aide le plus, c\u2019est le fait de s\u2019\u00eatre autoris\u00e9es \u00e0 prendre le temps de s\u2019arr\u00eater et d\u2019observer leur quotidien pour choisir \u00e0 nouveau ce qui est essentiel pour elles.&nbsp;&nbsp;<\/p>\n\n\n\n<h3 class=\"wp-block-heading\">En deux mots, c\u2019est quoi \u201cprendre soin de soi\u201d ? (Juste 2 mots \ud83d\ude09 !!!)<\/h3>\n\n\n\n<p>Essentiel et vital !<br><\/p>\n\n\n\n<h2 class=\"wp-block-heading\">Pour aller plus loin :<\/h2>\n\n\n\n<ul class=\"wp-block-list\"><li>D\u00e9couvrez le dernier livre de Florence qui aborde le th\u00e8me du couple et de la crise d&rsquo;adolescence : <a rel=\"noreferrer noopener\" href=\"https:\/\/www.lalibrairie.com\/livres\/couple-sous-tension--gardons-le-cap-de-notre-relation-a-l-adolescence-des-enfants_0-5855276_9782212571981.html\" target=\"_blank\">Couple sous tension, gardons le cap de notre relation \u00e0 l&rsquo;adolescence des enfants<\/a> <br><\/li><li>Et pour finir, vous trouverez tous les liens vers le blog et toutes les infos compl\u00e9mentaires sur <a rel=\"noreferrer noopener\" href=\"http:\/\/www.florenceleroy.fr\" target=\"_blank\">le site internet de Florence Leroy<\/a> <\/li><\/ul>\n\n\n\n<figure class=\"wp-block-image\"><img decoding=\"async\" src=\"https:\/\/ssl.gstatic.com\/ui\/v1\/icons\/mail\/images\/cleardot.gif\" alt=\"\"\/><\/figure>\n","protected":false},"excerpt":{"rendered":"<p>J&rsquo;ai eu la chance d&rsquo;interviewer Florence Leroy, coach et conseill\u00e8re conjugale qui aide les femmes (re)trouver joie de vivre et \u00e9quilibre ! Elle est \u00e9galement l&rsquo;auteure de \u00ab\u00a0J&rsquo;arr\u00eate de r\u00e2ler sur mes enfants (et mon conjoint)\u00a0\u00bb et de \u00ab\u00a0Couple sous tension\u00a0\u00bb. Elle nous livre ici l&rsquo;importance de prendre soin de soi.<\/p>\n","protected":false},"author":4,"featured_media":0,"comment_status":"open","ping_status":"open","sticky":false,"template":"","format":"standard","meta":{"footnotes":""},"categories":[124],"tags":[],"class_list":["post-1249","post","type-post","status-publish","format-standard","hentry","category-interview"],"yoast_head":"<!-- This site is optimized with the Yoast SEO plugin v23.7 - https:\/\/yoast.com\/wordpress\/plugins\/seo\/ -->\n<title>Le blog de My 365 - Interview. Prendre soin de soi selon Florence Leroy.<\/title>\n<meta name=\"robots\" content=\"index, follow, max-snippet:-1, max-image-preview:large, max-video-preview:-1\" \/>\n<link rel=\"canonical\" href=\"https:\/\/my365.fr\/blog\/2020\/01\/07\/prendre-soin-de-soi-selon-florence-leroy\/\" \/>\n<meta property=\"og:locale\" content=\"fr_FR\" \/>\n<meta property=\"og:type\" content=\"article\" \/>\n<meta property=\"og:title\" content=\"Le blog de My 365 - Interview. Prendre soin de soi selon Florence Leroy.\" \/>\n<meta property=\"og:description\" content=\"J&rsquo;ai eu la chance d&rsquo;interviewer Florence Leroy, coach et conseill\u00e8re conjugale qui aide les femmes (re)trouver joie de vivre et \u00e9quilibre ! Elle est \u00e9galement l&rsquo;auteure de \u00ab\u00a0J&rsquo;arr\u00eate de r\u00e2ler sur mes enfants (et mon conjoint)\u00a0\u00bb et de \u00ab\u00a0Couple sous tension\u00a0\u00bb. Elle nous livre ici l&rsquo;importance de prendre soin de soi.\" \/>\n<meta property=\"og:url\" content=\"https:\/\/my365.fr\/blog\/2020\/01\/07\/prendre-soin-de-soi-selon-florence-leroy\/\" \/>\n<meta property=\"og:site_name\" content=\"Le blog de My 365\" \/>\n<meta property=\"article:publisher\" content=\"https:\/\/www.facebook.com\/myAgenda365\" \/>\n<meta property=\"article:published_time\" content=\"2020-01-07T11:06:40+00:00\" \/>\n<meta property=\"article:modified_time\" content=\"2021-04-08T07:40:59+00:00\" \/>\n<meta property=\"og:image\" content=\"https:\/\/my365.fr\/blog\/wp-content\/uploads\/2020\/04\/Florence-Leroy-300x300-1.jpg\" \/>\n<meta name=\"author\" content=\"No\u00e9mie\" \/>\n<meta name=\"twitter:card\" content=\"summary_large_image\" \/>\n<meta name=\"twitter:creator\" content=\"@myAgenda365\" \/>\n<meta name=\"twitter:site\" content=\"@myAgenda365\" \/>\n<meta name=\"twitter:label1\" content=\"\u00c9crit par\" \/>\n\t<meta name=\"twitter:data1\" content=\"No\u00e9mie\" \/>\n\t<meta name=\"twitter:label2\" content=\"Dur\u00e9e de lecture estim\u00e9e\" \/>\n\t<meta name=\"twitter:data2\" content=\"5 minutes\" \/>\n<script type=\"application\/ld+json\" class=\"yoast-schema-graph\">{\"@context\":\"https:\/\/schema.org\",\"@graph\":[{\"@type\":\"WebPage\",\"@id\":\"https:\/\/my365.fr\/blog\/2020\/01\/07\/prendre-soin-de-soi-selon-florence-leroy\/\",\"url\":\"https:\/\/my365.fr\/blog\/2020\/01\/07\/prendre-soin-de-soi-selon-florence-leroy\/\",\"name\":\"Le blog de My 365 - Interview. Prendre soin de soi selon Florence Leroy.\",\"isPartOf\":{\"@id\":\"https:\/\/my365.fr\/blog\/#website\"},\"primaryImageOfPage\":{\"@id\":\"https:\/\/my365.fr\/blog\/2020\/01\/07\/prendre-soin-de-soi-selon-florence-leroy\/#primaryimage\"},\"image\":{\"@id\":\"https:\/\/my365.fr\/blog\/2020\/01\/07\/prendre-soin-de-soi-selon-florence-leroy\/#primaryimage\"},\"thumbnailUrl\":\"https:\/\/my365.fr\/blog\/wp-content\/uploads\/2020\/04\/Florence-Leroy-300x300-1.jpg\",\"datePublished\":\"2020-01-07T11:06:40+00:00\",\"dateModified\":\"2021-04-08T07:40:59+00:00\",\"author\":{\"@id\":\"https:\/\/my365.fr\/blog\/#\/schema\/person\/ec2d3f39c8e40aec4af5e092ce621b3c\"},\"breadcrumb\":{\"@id\":\"https:\/\/my365.fr\/blog\/2020\/01\/07\/prendre-soin-de-soi-selon-florence-leroy\/#breadcrumb\"},\"inLanguage\":\"fr-FR\",\"potentialAction\":[{\"@type\":\"ReadAction\",\"target\":[\"https:\/\/my365.fr\/blog\/2020\/01\/07\/prendre-soin-de-soi-selon-florence-leroy\/\"]}]},{\"@type\":\"ImageObject\",\"inLanguage\":\"fr-FR\",\"@id\":\"https:\/\/my365.fr\/blog\/2020\/01\/07\/prendre-soin-de-soi-selon-florence-leroy\/#primaryimage\",\"url\":\"https:\/\/my365.fr\/blog\/wp-content\/uploads\/2020\/04\/Florence-Leroy-300x300-1.jpg\",\"contentUrl\":\"https:\/\/my365.fr\/blog\/wp-content\/uploads\/2020\/04\/Florence-Leroy-300x300-1.jpg\",\"width\":300,\"height\":300},{\"@type\":\"BreadcrumbList\",\"@id\":\"https:\/\/my365.fr\/blog\/2020\/01\/07\/prendre-soin-de-soi-selon-florence-leroy\/#breadcrumb\",\"itemListElement\":[{\"@type\":\"ListItem\",\"position\":1,\"name\":\"Accueil\",\"item\":\"https:\/\/my365.fr\/blog\/\"},{\"@type\":\"ListItem\",\"position\":2,\"name\":\"Interview. Prendre soin de soi selon Florence Leroy.\"}]},{\"@type\":\"WebSite\",\"@id\":\"https:\/\/my365.fr\/blog\/#website\",\"url\":\"https:\/\/my365.fr\/blog\/\",\"name\":\"Le blog de My 365\",\"description\":\"\",\"potentialAction\":[{\"@type\":\"SearchAction\",\"target\":{\"@type\":\"EntryPoint\",\"urlTemplate\":\"https:\/\/my365.fr\/blog\/?s={search_term_string}\"},\"query-input\":{\"@type\":\"PropertyValueSpecification\",\"valueRequired\":true,\"valueName\":\"search_term_string\"}}],\"inLanguage\":\"fr-FR\"},{\"@type\":\"Person\",\"@id\":\"https:\/\/my365.fr\/blog\/#\/schema\/person\/ec2d3f39c8e40aec4af5e092ce621b3c\",\"name\":\"No\u00e9mie\",\"image\":{\"@type\":\"ImageObject\",\"inLanguage\":\"fr-FR\",\"@id\":\"https:\/\/my365.fr\/blog\/#\/schema\/person\/image\/\",\"url\":\"https:\/\/secure.gravatar.com\/avatar\/ca491574d75c8342a1e17a5ed57ac354?s=96&d=mm&r=g\",\"contentUrl\":\"https:\/\/secure.gravatar.com\/avatar\/ca491574d75c8342a1e17a5ed57ac354?s=96&d=mm&r=g\",\"caption\":\"No\u00e9mie\"},\"url\":\"https:\/\/my365.fr\/blog\/author\/noemie\/\"}]}<\/script>\n<!-- \/ Yoast SEO plugin. -->","yoast_head_json":{"title":"Le blog de My 365 - Interview. Prendre soin de soi selon Florence Leroy.","robots":{"index":"index","follow":"follow","max-snippet":"max-snippet:-1","max-image-preview":"max-image-preview:large","max-video-preview":"max-video-preview:-1"},"canonical":"https:\/\/my365.fr\/blog\/2020\/01\/07\/prendre-soin-de-soi-selon-florence-leroy\/","og_locale":"fr_FR","og_type":"article","og_title":"Le blog de My 365 - Interview. Prendre soin de soi selon Florence Leroy.","og_description":"J&rsquo;ai eu la chance d&rsquo;interviewer Florence Leroy, coach et conseill\u00e8re conjugale qui aide les femmes (re)trouver joie de vivre et \u00e9quilibre ! Elle est \u00e9galement l&rsquo;auteure de \u00ab\u00a0J&rsquo;arr\u00eate de r\u00e2ler sur mes enfants (et mon conjoint)\u00a0\u00bb et de \u00ab\u00a0Couple sous tension\u00a0\u00bb. Elle nous livre ici l&rsquo;importance de prendre soin de soi.","og_url":"https:\/\/my365.fr\/blog\/2020\/01\/07\/prendre-soin-de-soi-selon-florence-leroy\/","og_site_name":"Le blog de My 365","article_publisher":"https:\/\/www.facebook.com\/myAgenda365","article_published_time":"2020-01-07T11:06:40+00:00","article_modified_time":"2021-04-08T07:40:59+00:00","og_image":[{"url":"https:\/\/my365.fr\/blog\/wp-content\/uploads\/2020\/04\/Florence-Leroy-300x300-1.jpg"}],"author":"No\u00e9mie","twitter_card":"summary_large_image","twitter_creator":"@myAgenda365","twitter_site":"@myAgenda365","twitter_misc":{"\u00c9crit par":"No\u00e9mie","Dur\u00e9e de lecture estim\u00e9e":"5 minutes"},"schema":{"@context":"https:\/\/schema.org","@graph":[{"@type":"WebPage","@id":"https:\/\/my365.fr\/blog\/2020\/01\/07\/prendre-soin-de-soi-selon-florence-leroy\/","url":"https:\/\/my365.fr\/blog\/2020\/01\/07\/prendre-soin-de-soi-selon-florence-leroy\/","name":"Le blog de My 365 - Interview. Prendre soin de soi selon Florence Leroy.","isPartOf":{"@id":"https:\/\/my365.fr\/blog\/#website"},"primaryImageOfPage":{"@id":"https:\/\/my365.fr\/blog\/2020\/01\/07\/prendre-soin-de-soi-selon-florence-leroy\/#primaryimage"},"image":{"@id":"https:\/\/my365.fr\/blog\/2020\/01\/07\/prendre-soin-de-soi-selon-florence-leroy\/#primaryimage"},"thumbnailUrl":"https:\/\/my365.fr\/blog\/wp-content\/uploads\/2020\/04\/Florence-Leroy-300x300-1.jpg","datePublished":"2020-01-07T11:06:40+00:00","dateModified":"2021-04-08T07:40:59+00:00","author":{"@id":"https:\/\/my365.fr\/blog\/#\/schema\/person\/ec2d3f39c8e40aec4af5e092ce621b3c"},"breadcrumb":{"@id":"https:\/\/my365.fr\/blog\/2020\/01\/07\/prendre-soin-de-soi-selon-florence-leroy\/#breadcrumb"},"inLanguage":"fr-FR","potentialAction":[{"@type":"ReadAction","target":["https:\/\/my365.fr\/blog\/2020\/01\/07\/prendre-soin-de-soi-selon-florence-leroy\/"]}]},{"@type":"ImageObject","inLanguage":"fr-FR","@id":"https:\/\/my365.fr\/blog\/2020\/01\/07\/prendre-soin-de-soi-selon-florence-leroy\/#primaryimage","url":"https:\/\/my365.fr\/blog\/wp-content\/uploads\/2020\/04\/Florence-Leroy-300x300-1.jpg","contentUrl":"https:\/\/my365.fr\/blog\/wp-content\/uploads\/2020\/04\/Florence-Leroy-300x300-1.jpg","width":300,"height":300},{"@type":"BreadcrumbList","@id":"https:\/\/my365.fr\/blog\/2020\/01\/07\/prendre-soin-de-soi-selon-florence-leroy\/#breadcrumb","itemListElement":[{"@type":"ListItem","position":1,"name":"Accueil","item":"https:\/\/my365.fr\/blog\/"},{"@type":"ListItem","position":2,"name":"Interview. Prendre soin de soi selon Florence Leroy."}]},{"@type":"WebSite","@id":"https:\/\/my365.fr\/blog\/#website","url":"https:\/\/my365.fr\/blog\/","name":"Le blog de My 365","description":"","potentialAction":[{"@type":"SearchAction","target":{"@type":"EntryPoint","urlTemplate":"https:\/\/my365.fr\/blog\/?s={search_term_string}"},"query-input":{"@type":"PropertyValueSpecification","valueRequired":true,"valueName":"search_term_string"}}],"inLanguage":"fr-FR"},{"@type":"Person","@id":"https:\/\/my365.fr\/blog\/#\/schema\/person\/ec2d3f39c8e40aec4af5e092ce621b3c","name":"No\u00e9mie","image":{"@type":"ImageObject","inLanguage":"fr-FR","@id":"https:\/\/my365.fr\/blog\/#\/schema\/person\/image\/","url":"https:\/\/secure.gravatar.com\/avatar\/ca491574d75c8342a1e17a5ed57ac354?s=96&d=mm&r=g","contentUrl":"https:\/\/secure.gravatar.com\/avatar\/ca491574d75c8342a1e17a5ed57ac354?s=96&d=mm&r=g","caption":"No\u00e9mie"},"url":"https:\/\/my365.fr\/blog\/author\/noemie\/"}]}},"_links":{"self":[{"href":"https:\/\/my365.fr\/blog\/wp-json\/wp\/v2\/posts\/1249"}],"collection":[{"href":"https:\/\/my365.fr\/blog\/wp-json\/wp\/v2\/posts"}],"about":[{"href":"https:\/\/my365.fr\/blog\/wp-json\/wp\/v2\/types\/post"}],"author":[{"embeddable":true,"href":"https:\/\/my365.fr\/blog\/wp-json\/wp\/v2\/users\/4"}],"replies":[{"embeddable":true,"href":"https:\/\/my365.fr\/blog\/wp-json\/wp\/v2\/comments?post=1249"}],"version-history":[{"count":18,"href":"https:\/\/my365.fr\/blog\/wp-json\/wp\/v2\/posts\/1249\/revisions"}],"predecessor-version":[{"id":1718,"href":"https:\/\/my365.fr\/blog\/wp-json\/wp\/v2\/posts\/1249\/revisions\/1718"}],"wp:attachment":[{"href":"https:\/\/my365.fr\/blog\/wp-json\/wp\/v2\/media?parent=1249"}],"wp:term":[{"taxonomy":"category","embeddable":true,"href":"https:\/\/my365.fr\/blog\/wp-json\/wp\/v2\/categories?post=1249"},{"taxonomy":"post_tag","embeddable":true,"href":"https:\/\/my365.fr\/blog\/wp-json\/wp\/v2\/tags?post=1249"}],"curies":[{"name":"wp","href":"https:\/\/api.w.org\/{rel}","templated":true}]}}