{"id":1136,"date":"2019-11-20T09:23:56","date_gmt":"2019-11-20T08:23:56","guid":{"rendered":"https:\/\/my365.fr\/blog\/?p=1136"},"modified":"2022-01-17T16:26:54","modified_gmt":"2022-01-17T15:26:54","slug":"prendre-en-main-son-agenda","status":"publish","type":"post","link":"https:\/\/my365.fr\/blog\/2019\/11\/20\/prendre-en-main-son-agenda\/","title":{"rendered":"Comment prendre en main et bien d\u00e9marrer votre agenda"},"content":{"rendered":"\n<p>Vous avez enfin votre agenda dans les mains, super ! Voici un article pour vous aider \u00e0 prendre en main et <strong>optimiser l&rsquo;utilisation<\/strong> de votre nouveau compagnon !&nbsp;<\/p>\n\n\n\n<p>Au programme : comment <strong>faire durer ses signets<\/strong> toute l\u2019ann\u00e9e et comment <strong>poser les stickers \u201conglets\u201d<\/strong> sur chaque mois pour mieux vous rep\u00e9rer dans votre agenda !<\/p>\n\n\n\n<!--more-->\n\n\n\n<h2 class=\"wp-block-heading\"><strong>Renforcer les signets<\/strong><\/h2>\n\n\n\n<p>Nos agendas sont \u00e0 la crois\u00e9e des chemins entre le bullet journal, l\u2019agenda, le carnet de d\u00e9veloppement personnel\u2026 Afin de vous y retrouver parmi les diff\u00e9rentes sections qui le composent, vous trouverez deux signets dans les <strong><a href=\"https:\/\/boutique.my365.fr\/produit\/agenda-semainier-2021-version-reliee-my-2021\/\">versions reli\u00e9es<\/a><\/strong> ainsi que dans les <strong><a href=\"https:\/\/boutique.my365.fr\/product-category\/notebooks\/\">Notebooks<\/a><\/strong>.<\/p>\n\n\n\n<p>Ces signets peuvent s\u2019effilocher quand on les manipule, grrr ! Pour \u00e9viter cela, nous vous conseillons de <strong>chauffer leur extr\u00e9mit\u00e9<\/strong>. <\/p>\n\n\n\n<p>Voici une petite animation d\u00e9taillant la marche \u00e0 suivre :<\/p>\n\n\n\n<div class=\"wp-block-image\"><figure class=\"aligncenter\"><img loading=\"lazy\" decoding=\"async\" width=\"600\" height=\"451\" src=\"https:\/\/my365.fr\/blog\/wp-content\/uploads\/2019\/11\/briquet-signet-compressor.gif\" alt=\"Comment renforcer un signet \u00e0 l'aide d'un briquet\" class=\"wp-image-1164\"\/><figcaption>Approchez doucement le signet, bien parall\u00e8le \u00e0 la flamme, sans la toucher.<\/figcaption><\/figure><\/div>\n\n\n\n<p>Vous n\u2019avez <strong>pas de signet<\/strong> ? Pas d\u2019inqui\u00e9tude ! Si vous avez opt\u00e9 pour une version <strong><a href=\"https:\/\/boutique.my365.fr\/produit\/agenda-semainier-2021-version-souple-my-2021\/\">souple<\/a><\/strong>, <strong><a href=\"https:\/\/boutique.my365.fr\/produit\/my-2020-agenda-2020-version-spirale\/\">spira<\/a><a href=\"https:\/\/boutique.my365.fr\/produit\/agenda-semainier-2021-version-spirale-my-2021\/\">l<\/a><a href=\"https:\/\/boutique.my365.fr\/produit\/my-2020-agenda-2020-version-spirale\/\">e<\/a><\/strong> ou bien <strong><a href=\"https:\/\/boutique.my365.fr\/product-category\/organiseurs\/\">classeur\/organiseur<\/a><\/strong>, nous vous avons gliss\u00e9 un super <strong>marque page en papier recycl\u00e9<\/strong>.<br><em>PS : vous pouvez m\u00eame le colorier !<\/em><\/p>\n\n\n\n<figure class=\"wp-block-image\"><img loading=\"lazy\" decoding=\"async\" width=\"840\" height=\"631\" src=\"https:\/\/my365.fr\/blog\/wp-content\/uploads\/2019\/11\/P1080489-2.jpg\" alt=\"Marque page dans la version liseuse\" class=\"wp-image-1168\" srcset=\"https:\/\/my365.fr\/blog\/wp-content\/uploads\/2019\/11\/P1080489-2.jpg 840w, https:\/\/my365.fr\/blog\/wp-content\/uploads\/2019\/11\/P1080489-2-300x225.jpg 300w, https:\/\/my365.fr\/blog\/wp-content\/uploads\/2019\/11\/P1080489-2-768x577.jpg 768w\" sizes=\"(max-width: 709px) 85vw, (max-width: 909px) 67vw, (max-width: 1362px) 62vw, 840px\" \/><figcaption>Le marque page dans la version souple<\/figcaption><\/figure>\n\n\n\n<h2 class=\"wp-block-heading\"><strong>Coller les onglets<\/strong><\/h2>\n\n\n\n<p>Chaque ann\u00e9e, nous faisons appel \u00e0 une <strong>talentueuse illustratrice<\/strong> pour cr\u00e9er de nouvelles planches de stickers. Toujours le m\u00eame format, mais un style qui varie d\u2019ann\u00e9e en ann\u00e9e !<\/p>\n\n\n\n<p>Mais saviez-vous que parmi les 250 stickers fournis, il y a <strong>12 onglets<\/strong> \u00e0 coller sur les pages de votre agenda ? Nous vous proposons de les placer sur les calendriers mensuels afin de naviguer facilement de mois en mois (vous pouvez aussi les coller sur les pages auxquelles vous souhaitez rapidement acc\u00e9der).<\/p>\n\n\n\n<p>1.<strong> Ouvrez votre agenda<\/strong> \u00e0 la page mensuelle de janvier (page 26-27). En haut \u00e0 droite, \u00e0 c\u00f4t\u00e9 du \u201cBonjour\u201d, vous trouverez une petite marque grise avec des encoches. C\u2019est le rep\u00e8re pour coller votre sticker !<\/p>\n\n\n\n<div class=\"wp-block-image\"><figure class=\"aligncenter\"><img loading=\"lazy\" decoding=\"async\" width=\"1024\" height=\"683\" src=\"https:\/\/my365.fr\/blog\/wp-content\/uploads\/2019\/11\/01-1-1024x683.jpg\" alt=\"Agenda et planche de stickers\" class=\"wp-image-1228\" srcset=\"https:\/\/my365.fr\/blog\/wp-content\/uploads\/2019\/11\/01-1-1024x683.jpg 1024w, https:\/\/my365.fr\/blog\/wp-content\/uploads\/2019\/11\/01-1-300x200.jpg 300w, https:\/\/my365.fr\/blog\/wp-content\/uploads\/2019\/11\/01-1-768x512.jpg 768w, https:\/\/my365.fr\/blog\/wp-content\/uploads\/2019\/11\/01-1.jpg 1200w\" sizes=\"(max-width: 709px) 85vw, (max-width: 909px) 67vw, (max-width: 1362px) 62vw, 840px\" \/><\/figure><\/div>\n\n\n\n<div style=\"height:30px\" aria-hidden=\"true\" class=\"wp-block-spacer\"><\/div>\n\n\n\n<p>2. <strong>D\u00e9collez un sticker carr\u00e9<\/strong>, (ils forment une colonne tout \u00e0 gauche d\u2019une de vos planches).<\/p>\n\n\n\n<div class=\"wp-block-image\"><figure class=\"aligncenter\"><img loading=\"lazy\" decoding=\"async\" width=\"1024\" height=\"683\" src=\"https:\/\/my365.fr\/blog\/wp-content\/uploads\/2019\/11\/2-1024x683.jpg\" alt=\"D\u00e9coller l'\u00e9tiquette onglet\" class=\"wp-image-1229\" srcset=\"https:\/\/my365.fr\/blog\/wp-content\/uploads\/2019\/11\/2-1024x683.jpg 1024w, https:\/\/my365.fr\/blog\/wp-content\/uploads\/2019\/11\/2-300x200.jpg 300w, https:\/\/my365.fr\/blog\/wp-content\/uploads\/2019\/11\/2-768x512.jpg 768w, https:\/\/my365.fr\/blog\/wp-content\/uploads\/2019\/11\/2.jpg 1200w\" sizes=\"(max-width: 709px) 85vw, (max-width: 909px) 67vw, (max-width: 1362px) 62vw, 840px\" \/><\/figure><\/div>\n\n\n\n<div style=\"height:30px\" aria-hidden=\"true\" class=\"wp-block-spacer\"><\/div>\n\n\n\n<p>3. <strong>Collez le sticker<\/strong> sur environ 2 mm.<\/p>\n\n\n\n<div class=\"wp-block-image\"><figure class=\"aligncenter\"><img loading=\"lazy\" decoding=\"async\" width=\"1200\" height=\"800\" src=\"https:\/\/my365.fr\/blog\/wp-content\/uploads\/2019\/11\/3-1024x683.jpg\" alt=\"Sticker onglet \u00e0 moiti\u00e9 coll\u00e9\" class=\"wp-image-1230\" srcset=\"https:\/\/my365.fr\/blog\/wp-content\/uploads\/2019\/11\/3-1024x683.jpg 1024w, https:\/\/my365.fr\/blog\/wp-content\/uploads\/2019\/11\/3-300x200.jpg 300w, https:\/\/my365.fr\/blog\/wp-content\/uploads\/2019\/11\/3-768x512.jpg 768w, https:\/\/my365.fr\/blog\/wp-content\/uploads\/2019\/11\/3.jpg 1200w\" sizes=\"(max-width: 709px) 85vw, (max-width: 909px) 67vw, (max-width: 1362px) 62vw, 840px\" \/><\/figure><\/div>\n\n\n\n<div style=\"height:30px\" aria-hidden=\"true\" class=\"wp-block-spacer\"><\/div>\n\n\n\n<p>4. <strong>Tournez la page<\/strong>. Appuyez l\u00e9g\u00e8rement sur l\u2019extr\u00e9mit\u00e9 du sticker afin de le courber ; cela facilitera son pliage !<\/p>\n\n\n\n<div class=\"wp-block-image\"><figure class=\"aligncenter\"><img loading=\"lazy\" decoding=\"async\" width=\"1024\" height=\"683\" src=\"https:\/\/my365.fr\/blog\/wp-content\/uploads\/2019\/11\/5-1024x683.jpg\" alt=\"Sticker onglet de l'autre cot\u00e9\" class=\"wp-image-1231\" srcset=\"https:\/\/my365.fr\/blog\/wp-content\/uploads\/2019\/11\/5-1024x683.jpg 1024w, https:\/\/my365.fr\/blog\/wp-content\/uploads\/2019\/11\/5-300x200.jpg 300w, https:\/\/my365.fr\/blog\/wp-content\/uploads\/2019\/11\/5-768x512.jpg 768w, https:\/\/my365.fr\/blog\/wp-content\/uploads\/2019\/11\/5.jpg 1200w\" sizes=\"(max-width: 709px) 85vw, (max-width: 909px) 67vw, (max-width: 1362px) 62vw, 840px\" \/><\/figure><\/div>\n\n\n\n<div style=\"height:30px\" aria-hidden=\"true\" class=\"wp-block-spacer\"><\/div>\n\n\n\n<p>5. <strong>Pliez le sticker<\/strong> sur la marque. <\/p>\n\n\n\n<div class=\"wp-block-image\"><figure class=\"aligncenter\"><img loading=\"lazy\" decoding=\"async\" width=\"1024\" height=\"683\" src=\"https:\/\/my365.fr\/blog\/wp-content\/uploads\/2019\/11\/6-1024x683.jpg\" alt=\"Plier le sticker onglet\" class=\"wp-image-1232\" srcset=\"https:\/\/my365.fr\/blog\/wp-content\/uploads\/2019\/11\/6-1024x683.jpg 1024w, https:\/\/my365.fr\/blog\/wp-content\/uploads\/2019\/11\/6-300x200.jpg 300w, https:\/\/my365.fr\/blog\/wp-content\/uploads\/2019\/11\/6-768x512.jpg 768w, https:\/\/my365.fr\/blog\/wp-content\/uploads\/2019\/11\/6.jpg 1200w\" sizes=\"(max-width: 709px) 85vw, (max-width: 909px) 67vw, (max-width: 1362px) 62vw, 840px\" \/><\/figure><\/div>\n\n\n\n<div style=\"height:30px\" aria-hidden=\"true\" class=\"wp-block-spacer\"><\/div>\n\n\n\n<p>6. <strong>R\u00e9p\u00e9tez ces \u00e9tapes<\/strong> \u00e0 chaque mois ! Plus que 11 \ud83d\ude42<\/p>\n\n\n\n<div class=\"wp-block-image\"><figure class=\"aligncenter\"><img loading=\"lazy\" decoding=\"async\" width=\"1024\" height=\"683\" src=\"https:\/\/my365.fr\/blog\/wp-content\/uploads\/2019\/11\/1-1024x683.jpg\" alt=\"R\u00e9peter les \u00e9tapes pour chaque moi\" class=\"wp-image-1227\" srcset=\"https:\/\/my365.fr\/blog\/wp-content\/uploads\/2019\/11\/1-1024x683.jpg 1024w, https:\/\/my365.fr\/blog\/wp-content\/uploads\/2019\/11\/1-300x200.jpg 300w, https:\/\/my365.fr\/blog\/wp-content\/uploads\/2019\/11\/1-768x512.jpg 768w, https:\/\/my365.fr\/blog\/wp-content\/uploads\/2019\/11\/1.jpg 1200w\" sizes=\"(max-width: 709px) 85vw, (max-width: 909px) 67vw, (max-width: 1362px) 62vw, 840px\" \/><\/figure><\/div>\n\n\n\n<div style=\"height:30px\" aria-hidden=\"true\" class=\"wp-block-spacer\"><\/div>\n\n\n\n<p>7. <strong>Admirez votre travail<\/strong> en vous perdant dans cet arc-en-ciel d\u2019onglets, waouh !<\/p>\n\n\n\n<div class=\"wp-block-image\"><figure class=\"aligncenter\"><img loading=\"lazy\" decoding=\"async\" width=\"1024\" height=\"683\" src=\"https:\/\/my365.fr\/blog\/wp-content\/uploads\/2019\/11\/7-1024x683.jpg\" alt=\"Tous les sitckers coll\u00e9s sur la tranche\" class=\"wp-image-1233\" srcset=\"https:\/\/my365.fr\/blog\/wp-content\/uploads\/2019\/11\/7-1024x683.jpg 1024w, https:\/\/my365.fr\/blog\/wp-content\/uploads\/2019\/11\/7-300x200.jpg 300w, https:\/\/my365.fr\/blog\/wp-content\/uploads\/2019\/11\/7-768x512.jpg 768w, https:\/\/my365.fr\/blog\/wp-content\/uploads\/2019\/11\/7.jpg 1200w\" sizes=\"(max-width: 709px) 85vw, (max-width: 909px) 67vw, (max-width: 1362px) 62vw, 840px\" \/><\/figure><\/div>\n\n\n\n<div style=\"height:20px\" aria-hidden=\"true\" class=\"wp-block-spacer\"><\/div>\n\n\n\n<h2 class=\"wp-block-heading\">Le Yogi Tea<\/h2>\n\n\n\n<p>\u00c7a y est, votre agenda est pr\u00eat pour d\u00e9marrer l\u2019ann\u00e9e !&nbsp; Vous pouvez maintenant choisir votre plus belle tasse, mettre de l\u2019eau \u00e0 chauffer et faire infuser votre <strong>sachet de Yogi Tea<\/strong> !<\/p>\n\n\n\n<figure class=\"wp-block-image is-resized\"><img loading=\"lazy\" decoding=\"async\" src=\"https:\/\/my365.fr\/blog\/wp-content\/uploads\/2019\/11\/P1080512.jpg\" alt=\"\" class=\"wp-image-1217\" width=\"840\" height=\"631\" srcset=\"https:\/\/my365.fr\/blog\/wp-content\/uploads\/2019\/11\/P1080512.jpg 840w, https:\/\/my365.fr\/blog\/wp-content\/uploads\/2019\/11\/P1080512-300x225.jpg 300w, https:\/\/my365.fr\/blog\/wp-content\/uploads\/2019\/11\/P1080512-768x577.jpg 768w\" sizes=\"(max-width: 709px) 85vw, (max-width: 909px) 67vw, (max-width: 1362px) 62vw, 840px\" \/><\/figure>\n\n\n\n<p>Un grand merci \u00e0 la marque qui nous accompagne dans cette aventure et vous permet de d\u00e9guster <strong>un savoureux sachet de tisane ayurv\u00e9dique<\/strong> \u00e0 chaque commande.&nbsp;Vous pouvez retrouver toutes les infos concernant leur <strong>gamme<\/strong> et les <strong>ingr\u00e9dients<\/strong> sur le <a href=\"https:\/\/www.yogitea.com\/fr\/\">site internet Yogi Tea<\/a> !<\/p>\n\n\n\n<h2 class=\"wp-block-heading\">Merci !<\/h2>\n\n\n\n<p>Encore <strong>merci pour votre confiance<\/strong> ! Selon vos commentaires, questions, remarques\u2026 nous tenterons de faire <strong>\u00e9voluer<\/strong> cet article au fil de vos retours. Nous ajouterons des cat\u00e9gories petit \u00e0 petit afin qu\u2019il soit le plus exhaustif possible !<\/p>\n","protected":false},"excerpt":{"rendered":"<p>Vous avez enfin votre agenda dans les mains, super ! Voici un article pour vous aider \u00e0 prendre en main et optimiser l&rsquo;utilisation de votre nouveau compagnon !&nbsp; Au programme : comment faire durer ses signets toute l\u2019ann\u00e9e et comment poser les stickers \u201conglets\u201d sur chaque mois pour mieux vous rep\u00e9rer dans votre agenda !<\/p>\n","protected":false},"author":6,"featured_media":1170,"comment_status":"open","ping_status":"open","sticky":false,"template":"","format":"standard","meta":{"footnotes":""},"categories":[126],"tags":[],"class_list":["post-1136","post","type-post","status-publish","format-standard","has-post-thumbnail","hentry","category-tutos"],"yoast_head":"<!-- This site is optimized with the Yoast SEO plugin v23.7 - https:\/\/yoast.com\/wordpress\/plugins\/seo\/ -->\n<title>Le blog de My 365 - Comment prendre en main et bien d\u00e9marrer votre agenda<\/title>\n<meta name=\"robots\" content=\"index, follow, max-snippet:-1, max-image-preview:large, max-video-preview:-1\" \/>\n<link rel=\"canonical\" href=\"https:\/\/my365.fr\/blog\/2019\/11\/20\/prendre-en-main-son-agenda\/\" \/>\n<meta property=\"og:locale\" content=\"fr_FR\" \/>\n<meta property=\"og:type\" content=\"article\" \/>\n<meta property=\"og:title\" content=\"Le blog de My 365 - Comment prendre en main et bien d\u00e9marrer votre agenda\" \/>\n<meta property=\"og:description\" content=\"Vous avez enfin votre agenda dans les mains, super ! Voici un article pour vous aider \u00e0 prendre en main et optimiser l&rsquo;utilisation de votre nouveau compagnon !&nbsp; Au programme : comment faire durer ses signets toute l\u2019ann\u00e9e et comment poser les stickers \u201conglets\u201d sur chaque mois pour mieux vous rep\u00e9rer dans votre agenda !\" \/>\n<meta property=\"og:url\" content=\"https:\/\/my365.fr\/blog\/2019\/11\/20\/prendre-en-main-son-agenda\/\" \/>\n<meta property=\"og:site_name\" content=\"Le blog de My 365\" \/>\n<meta property=\"article:publisher\" content=\"https:\/\/www.facebook.com\/myAgenda365\" \/>\n<meta property=\"article:published_time\" content=\"2019-11-20T08:23:56+00:00\" \/>\n<meta property=\"article:modified_time\" content=\"2022-01-17T15:26:54+00:00\" \/>\n<meta property=\"og:image\" content=\"https:\/\/my365.fr\/blog\/wp-content\/uploads\/2019\/11\/cover_min.jpg\" \/>\n\t<meta property=\"og:image:width\" content=\"840\" \/>\n\t<meta property=\"og:image:height\" content=\"420\" \/>\n\t<meta property=\"og:image:type\" content=\"image\/jpeg\" \/>\n<meta name=\"author\" content=\"Alice My 365\" \/>\n<meta name=\"twitter:card\" content=\"summary_large_image\" \/>\n<meta name=\"twitter:creator\" content=\"@myAgenda365\" \/>\n<meta name=\"twitter:site\" content=\"@myAgenda365\" \/>\n<meta name=\"twitter:label1\" content=\"\u00c9crit par\" \/>\n\t<meta name=\"twitter:data1\" content=\"Alice My 365\" \/>\n\t<meta name=\"twitter:label2\" content=\"Dur\u00e9e de lecture estim\u00e9e\" \/>\n\t<meta name=\"twitter:data2\" content=\"5 minutes\" \/>\n<script type=\"application\/ld+json\" class=\"yoast-schema-graph\">{\"@context\":\"https:\/\/schema.org\",\"@graph\":[{\"@type\":\"WebPage\",\"@id\":\"https:\/\/my365.fr\/blog\/2019\/11\/20\/prendre-en-main-son-agenda\/\",\"url\":\"https:\/\/my365.fr\/blog\/2019\/11\/20\/prendre-en-main-son-agenda\/\",\"name\":\"Le blog de My 365 - Comment prendre en main et bien d\u00e9marrer votre agenda\",\"isPartOf\":{\"@id\":\"https:\/\/my365.fr\/blog\/#website\"},\"primaryImageOfPage\":{\"@id\":\"https:\/\/my365.fr\/blog\/2019\/11\/20\/prendre-en-main-son-agenda\/#primaryimage\"},\"image\":{\"@id\":\"https:\/\/my365.fr\/blog\/2019\/11\/20\/prendre-en-main-son-agenda\/#primaryimage\"},\"thumbnailUrl\":\"https:\/\/my365.fr\/blog\/wp-content\/uploads\/2019\/11\/cover_min.jpg\",\"datePublished\":\"2019-11-20T08:23:56+00:00\",\"dateModified\":\"2022-01-17T15:26:54+00:00\",\"author\":{\"@id\":\"https:\/\/my365.fr\/blog\/#\/schema\/person\/d7057ff9ddc72cc3bbddb80d485201b5\"},\"breadcrumb\":{\"@id\":\"https:\/\/my365.fr\/blog\/2019\/11\/20\/prendre-en-main-son-agenda\/#breadcrumb\"},\"inLanguage\":\"fr-FR\",\"potentialAction\":[{\"@type\":\"ReadAction\",\"target\":[\"https:\/\/my365.fr\/blog\/2019\/11\/20\/prendre-en-main-son-agenda\/\"]}]},{\"@type\":\"ImageObject\",\"inLanguage\":\"fr-FR\",\"@id\":\"https:\/\/my365.fr\/blog\/2019\/11\/20\/prendre-en-main-son-agenda\/#primaryimage\",\"url\":\"https:\/\/my365.fr\/blog\/wp-content\/uploads\/2019\/11\/cover_min.jpg\",\"contentUrl\":\"https:\/\/my365.fr\/blog\/wp-content\/uploads\/2019\/11\/cover_min.jpg\",\"width\":840,\"height\":420,\"caption\":\"Prendre du temps pour soi et pour prendre en main son agenda !\"},{\"@type\":\"BreadcrumbList\",\"@id\":\"https:\/\/my365.fr\/blog\/2019\/11\/20\/prendre-en-main-son-agenda\/#breadcrumb\",\"itemListElement\":[{\"@type\":\"ListItem\",\"position\":1,\"name\":\"Accueil\",\"item\":\"https:\/\/my365.fr\/blog\/\"},{\"@type\":\"ListItem\",\"position\":2,\"name\":\"Comment prendre en main et bien d\u00e9marrer votre agenda\"}]},{\"@type\":\"WebSite\",\"@id\":\"https:\/\/my365.fr\/blog\/#website\",\"url\":\"https:\/\/my365.fr\/blog\/\",\"name\":\"Le blog de My 365\",\"description\":\"\",\"potentialAction\":[{\"@type\":\"SearchAction\",\"target\":{\"@type\":\"EntryPoint\",\"urlTemplate\":\"https:\/\/my365.fr\/blog\/?s={search_term_string}\"},\"query-input\":{\"@type\":\"PropertyValueSpecification\",\"valueRequired\":true,\"valueName\":\"search_term_string\"}}],\"inLanguage\":\"fr-FR\"},{\"@type\":\"Person\",\"@id\":\"https:\/\/my365.fr\/blog\/#\/schema\/person\/d7057ff9ddc72cc3bbddb80d485201b5\",\"name\":\"Alice My 365\",\"image\":{\"@type\":\"ImageObject\",\"inLanguage\":\"fr-FR\",\"@id\":\"https:\/\/my365.fr\/blog\/#\/schema\/person\/image\/\",\"url\":\"https:\/\/secure.gravatar.com\/avatar\/f42e344ac00c7b61f202c92ea3777267?s=96&d=mm&r=g\",\"contentUrl\":\"https:\/\/secure.gravatar.com\/avatar\/f42e344ac00c7b61f202c92ea3777267?s=96&d=mm&r=g\",\"caption\":\"Alice My 365\"},\"url\":\"https:\/\/my365.fr\/blog\/author\/alice\/\"}]}<\/script>\n<!-- \/ Yoast SEO plugin. -->","yoast_head_json":{"title":"Le blog de My 365 - Comment prendre en main et bien d\u00e9marrer votre agenda","robots":{"index":"index","follow":"follow","max-snippet":"max-snippet:-1","max-image-preview":"max-image-preview:large","max-video-preview":"max-video-preview:-1"},"canonical":"https:\/\/my365.fr\/blog\/2019\/11\/20\/prendre-en-main-son-agenda\/","og_locale":"fr_FR","og_type":"article","og_title":"Le blog de My 365 - Comment prendre en main et bien d\u00e9marrer votre agenda","og_description":"Vous avez enfin votre agenda dans les mains, super ! Voici un article pour vous aider \u00e0 prendre en main et optimiser l&rsquo;utilisation de votre nouveau compagnon !&nbsp; Au programme : comment faire durer ses signets toute l\u2019ann\u00e9e et comment poser les stickers \u201conglets\u201d sur chaque mois pour mieux vous rep\u00e9rer dans votre agenda !","og_url":"https:\/\/my365.fr\/blog\/2019\/11\/20\/prendre-en-main-son-agenda\/","og_site_name":"Le blog de My 365","article_publisher":"https:\/\/www.facebook.com\/myAgenda365","article_published_time":"2019-11-20T08:23:56+00:00","article_modified_time":"2022-01-17T15:26:54+00:00","og_image":[{"width":840,"height":420,"url":"https:\/\/my365.fr\/blog\/wp-content\/uploads\/2019\/11\/cover_min.jpg","type":"image\/jpeg"}],"author":"Alice My 365","twitter_card":"summary_large_image","twitter_creator":"@myAgenda365","twitter_site":"@myAgenda365","twitter_misc":{"\u00c9crit par":"Alice My 365","Dur\u00e9e de lecture estim\u00e9e":"5 minutes"},"schema":{"@context":"https:\/\/schema.org","@graph":[{"@type":"WebPage","@id":"https:\/\/my365.fr\/blog\/2019\/11\/20\/prendre-en-main-son-agenda\/","url":"https:\/\/my365.fr\/blog\/2019\/11\/20\/prendre-en-main-son-agenda\/","name":"Le blog de My 365 - Comment prendre en main et bien d\u00e9marrer votre agenda","isPartOf":{"@id":"https:\/\/my365.fr\/blog\/#website"},"primaryImageOfPage":{"@id":"https:\/\/my365.fr\/blog\/2019\/11\/20\/prendre-en-main-son-agenda\/#primaryimage"},"image":{"@id":"https:\/\/my365.fr\/blog\/2019\/11\/20\/prendre-en-main-son-agenda\/#primaryimage"},"thumbnailUrl":"https:\/\/my365.fr\/blog\/wp-content\/uploads\/2019\/11\/cover_min.jpg","datePublished":"2019-11-20T08:23:56+00:00","dateModified":"2022-01-17T15:26:54+00:00","author":{"@id":"https:\/\/my365.fr\/blog\/#\/schema\/person\/d7057ff9ddc72cc3bbddb80d485201b5"},"breadcrumb":{"@id":"https:\/\/my365.fr\/blog\/2019\/11\/20\/prendre-en-main-son-agenda\/#breadcrumb"},"inLanguage":"fr-FR","potentialAction":[{"@type":"ReadAction","target":["https:\/\/my365.fr\/blog\/2019\/11\/20\/prendre-en-main-son-agenda\/"]}]},{"@type":"ImageObject","inLanguage":"fr-FR","@id":"https:\/\/my365.fr\/blog\/2019\/11\/20\/prendre-en-main-son-agenda\/#primaryimage","url":"https:\/\/my365.fr\/blog\/wp-content\/uploads\/2019\/11\/cover_min.jpg","contentUrl":"https:\/\/my365.fr\/blog\/wp-content\/uploads\/2019\/11\/cover_min.jpg","width":840,"height":420,"caption":"Prendre du temps pour soi et pour prendre en main son agenda !"},{"@type":"BreadcrumbList","@id":"https:\/\/my365.fr\/blog\/2019\/11\/20\/prendre-en-main-son-agenda\/#breadcrumb","itemListElement":[{"@type":"ListItem","position":1,"name":"Accueil","item":"https:\/\/my365.fr\/blog\/"},{"@type":"ListItem","position":2,"name":"Comment prendre en main et bien d\u00e9marrer votre agenda"}]},{"@type":"WebSite","@id":"https:\/\/my365.fr\/blog\/#website","url":"https:\/\/my365.fr\/blog\/","name":"Le blog de My 365","description":"","potentialAction":[{"@type":"SearchAction","target":{"@type":"EntryPoint","urlTemplate":"https:\/\/my365.fr\/blog\/?s={search_term_string}"},"query-input":{"@type":"PropertyValueSpecification","valueRequired":true,"valueName":"search_term_string"}}],"inLanguage":"fr-FR"},{"@type":"Person","@id":"https:\/\/my365.fr\/blog\/#\/schema\/person\/d7057ff9ddc72cc3bbddb80d485201b5","name":"Alice My 365","image":{"@type":"ImageObject","inLanguage":"fr-FR","@id":"https:\/\/my365.fr\/blog\/#\/schema\/person\/image\/","url":"https:\/\/secure.gravatar.com\/avatar\/f42e344ac00c7b61f202c92ea3777267?s=96&d=mm&r=g","contentUrl":"https:\/\/secure.gravatar.com\/avatar\/f42e344ac00c7b61f202c92ea3777267?s=96&d=mm&r=g","caption":"Alice My 365"},"url":"https:\/\/my365.fr\/blog\/author\/alice\/"}]}},"_links":{"self":[{"href":"https:\/\/my365.fr\/blog\/wp-json\/wp\/v2\/posts\/1136"}],"collection":[{"href":"https:\/\/my365.fr\/blog\/wp-json\/wp\/v2\/posts"}],"about":[{"href":"https:\/\/my365.fr\/blog\/wp-json\/wp\/v2\/types\/post"}],"author":[{"embeddable":true,"href":"https:\/\/my365.fr\/blog\/wp-json\/wp\/v2\/users\/6"}],"replies":[{"embeddable":true,"href":"https:\/\/my365.fr\/blog\/wp-json\/wp\/v2\/comments?post=1136"}],"version-history":[{"count":41,"href":"https:\/\/my365.fr\/blog\/wp-json\/wp\/v2\/posts\/1136\/revisions"}],"predecessor-version":[{"id":1666,"href":"https:\/\/my365.fr\/blog\/wp-json\/wp\/v2\/posts\/1136\/revisions\/1666"}],"wp:featuredmedia":[{"embeddable":true,"href":"https:\/\/my365.fr\/blog\/wp-json\/wp\/v2\/media\/1170"}],"wp:attachment":[{"href":"https:\/\/my365.fr\/blog\/wp-json\/wp\/v2\/media?parent=1136"}],"wp:term":[{"taxonomy":"category","embeddable":true,"href":"https:\/\/my365.fr\/blog\/wp-json\/wp\/v2\/categories?post=1136"},{"taxonomy":"post_tag","embeddable":true,"href":"https:\/\/my365.fr\/blog\/wp-json\/wp\/v2\/tags?post=1136"}],"curies":[{"name":"wp","href":"https:\/\/api.w.org\/{rel}","templated":true}]}}