{"id":1077,"date":"2019-11-03T18:50:22","date_gmt":"2019-11-03T17:50:22","guid":{"rendered":"https:\/\/my365.fr\/blog\/?p=1077"},"modified":"2020-01-07T19:39:02","modified_gmt":"2020-01-07T18:39:02","slug":"defi-prendre-soin-de-soi","status":"publish","type":"post","link":"https:\/\/my365.fr\/blog\/2019\/11\/03\/defi-prendre-soin-de-soi\/","title":{"rendered":"D\u00e9fi n\u00b03 : prendre soin de soi"},"content":{"rendered":"\n<p>Il y a des personnes qui arrivent \u00e0 prendre du temps pour elles et d\u2019autres pour qui ce n\u2019est pas si facile. Je suis plut\u00f4t du c\u00f4t\u00e9 des personnes qui n\u2019y arrivent pas tant que \u00e7a\u2026 J\u2019ai des vagues de motivation mais, souvent, je n\u2019arrive pas \u00e0 maintenir ce temps pour moi et je me laisse submerger par le travail, le m\u00e9nage, les enfants\u2026 la vie quoi ! <\/p>\n\n\n\n<!--more-->\n\n\n\n<p>Pourtant, \u00e0 chaque fois que j\u2019ai pris du temps pour moi, je me suis sentie bien et connect\u00e9e avec moi-m\u00eame. Pendant une longue p\u00e9riode, je faisais du yoga le matin pendant que ma famille dormait. J\u2019avais rendez-vous avec moi-m\u00eame et j\u2019adorais \u00e7a. J\u2019ai red\u00e9couvert mon corps, ma respiration et mes muscles. <\/p>\n\n\n\n<p>Je ne sais pas pourquoi j\u2019ai arr\u00eat\u00e9. Sur le coup, \u00e7a ne m\u2019a pas manqu\u00e9. Mais les journ\u00e9es passent et se transforment en mois\u2026 Et je r\u00e9alise que ces moments pour moi datent de l\u2019ann\u00e9e derni\u00e8re. Mon mental est fatigu\u00e9, je le ressens sur mon humeur et je me sens plus tendue. La reprise du sport en septembre m\u2019a fait beaucoup de bien (je pratique du Nia deux fois par semaine pendant une heure), mais je vois bien que mon corps en demande plus !!! <\/p>\n\n\n\n<p>Alors ce mois-ci, j\u2019ai d\u00e9cid\u00e9 de prendre soin de moi ! \u00c7a vous dit que l\u2019on d\u00e9marre ensemble ? <\/p>\n\n\n\n<p>Pour cela, pendant le mois de novembre, tous les jours je vais me servir du tracker pour suivre cette habitude. Dans un premier temps, pour essayer de r\u00e9ussir au mieux, je ne vais pas m\u2019imposer une organisation stricte. Je vais plut\u00f4t le faire au feeling. Ce mois de novembre est assez intense au niveau du travail (nous exp\u00e9dions tous vos agendas !!!), alors si je commence \u00e0 planifier beaucoup de choses, je risque de ne pas y arriver et de vite culpabiliser&#8230;<\/p>\n\n\n\n<h2 class=\"wp-block-heading\">C&rsquo;est parti !<\/h2>\n\n\n\n<p><strong>Pour bien commencer le d\u00e9fi, je vous propose donc de commencer par : <\/strong><\/p>\n\n\n\n<ol class=\"spaced-li wp-block-list\"><li>Regarder votre emploi du temps pour d\u00e9terminer les moments disponibles.<\/li><li>Lister ce que vous aimeriez faire pour vous (vous avez des pages libres dans votre agenda \ud83d\ude09 ).<\/li><li>Essayez de r\u00e9aliser une petite chose par jour et une ou deux grandes par semaine !<\/li><\/ol>\n\n\n\n<h2 class=\"wp-block-heading\"><strong>Quelques id\u00e9es en vrac<\/strong><\/h2>\n\n\n\n<ul class=\"wp-block-list\"><li>Danser 5 mn <\/li><li>Chanter \u00e0 tue-t\u00eate <\/li><li>Partir en week-end <\/li><li>Acheter des fleurs <\/li><li>Aller au cin\u00e9ma <\/li><li>Pr\u00e9parer une recette que l\u2019on aime <\/li><li>Dessiner <\/li><li>Manger au restaurant<\/li><li>\u00c9crire <\/li><li>Lire <\/li><li>Faire une s\u00e9ance de sport <\/li><li>Faire un soin <\/li><\/ul>\n\n\n\n<p>Et vous, quelles sont vos id\u00e9es pour prendre soin de vous ?  <\/p>\n","protected":false},"excerpt":{"rendered":"<p>Il y a des personnes qui arrivent \u00e0 prendre du temps pour elles et d\u2019autres pour qui ce n\u2019est pas si facile. Je suis plut\u00f4t du c\u00f4t\u00e9 des personnes qui n\u2019y arrivent pas tant que \u00e7a\u2026 J\u2019ai des vagues de motivation mais, souvent, je n\u2019arrive pas \u00e0 maintenir ce temps pour moi et je me &hellip; <a href=\"https:\/\/my365.fr\/blog\/2019\/11\/03\/defi-prendre-soin-de-soi\/\" class=\"more-link\">Continuer la lecture<span class=\"screen-reader-text\"> de &laquo;&nbsp;D\u00e9fi n\u00b03 : prendre soin de soi&nbsp;&raquo;<\/span><\/a><\/p>\n","protected":false},"author":2,"featured_media":0,"comment_status":"open","ping_status":"open","sticky":false,"template":"","format":"standard","meta":{"footnotes":""},"categories":[2],"tags":[],"class_list":["post-1077","post","type-post","status-publish","format-standard","hentry","category-defis"],"yoast_head":"<!-- This site is optimized with the Yoast SEO plugin v23.7 - https:\/\/yoast.com\/wordpress\/plugins\/seo\/ -->\n<title>Le blog de My 365 - D\u00e9fi n\u00b03 : prendre soin de soi<\/title>\n<meta name=\"robots\" content=\"index, follow, max-snippet:-1, max-image-preview:large, max-video-preview:-1\" \/>\n<link rel=\"canonical\" href=\"https:\/\/my365.fr\/blog\/2019\/11\/03\/defi-prendre-soin-de-soi\/\" \/>\n<meta property=\"og:locale\" content=\"fr_FR\" \/>\n<meta property=\"og:type\" content=\"article\" \/>\n<meta property=\"og:title\" content=\"Le blog de My 365 - D\u00e9fi n\u00b03 : prendre soin de soi\" \/>\n<meta property=\"og:description\" content=\"Il y a des personnes qui arrivent \u00e0 prendre du temps pour elles et d\u2019autres pour qui ce n\u2019est pas si facile. Je suis plut\u00f4t du c\u00f4t\u00e9 des personnes qui n\u2019y arrivent pas tant que \u00e7a\u2026 J\u2019ai des vagues de motivation mais, souvent, je n\u2019arrive pas \u00e0 maintenir ce temps pour moi et je me &hellip; Continuer la lecture de &laquo;&nbsp;D\u00e9fi n\u00b03 : prendre soin de soi&nbsp;&raquo;\" \/>\n<meta property=\"og:url\" content=\"https:\/\/my365.fr\/blog\/2019\/11\/03\/defi-prendre-soin-de-soi\/\" \/>\n<meta property=\"og:site_name\" content=\"Le blog de My 365\" \/>\n<meta property=\"article:publisher\" content=\"https:\/\/www.facebook.com\/myAgenda365\" \/>\n<meta property=\"article:published_time\" content=\"2019-11-03T17:50:22+00:00\" \/>\n<meta property=\"article:modified_time\" content=\"2020-01-07T18:39:02+00:00\" \/>\n<meta name=\"author\" content=\"Jenny\" \/>\n<meta name=\"twitter:card\" content=\"summary_large_image\" \/>\n<meta name=\"twitter:creator\" content=\"@myAgenda365\" \/>\n<meta name=\"twitter:site\" content=\"@myAgenda365\" \/>\n<meta name=\"twitter:label1\" content=\"\u00c9crit par\" \/>\n\t<meta name=\"twitter:data1\" content=\"Jenny\" \/>\n\t<meta name=\"twitter:label2\" content=\"Dur\u00e9e de lecture estim\u00e9e\" \/>\n\t<meta name=\"twitter:data2\" content=\"2 minutes\" \/>\n<script type=\"application\/ld+json\" class=\"yoast-schema-graph\">{\"@context\":\"https:\/\/schema.org\",\"@graph\":[{\"@type\":\"WebPage\",\"@id\":\"https:\/\/my365.fr\/blog\/2019\/11\/03\/defi-prendre-soin-de-soi\/\",\"url\":\"https:\/\/my365.fr\/blog\/2019\/11\/03\/defi-prendre-soin-de-soi\/\",\"name\":\"Le blog de My 365 - D\u00e9fi n\u00b03 : prendre soin de soi\",\"isPartOf\":{\"@id\":\"https:\/\/my365.fr\/blog\/#website\"},\"datePublished\":\"2019-11-03T17:50:22+00:00\",\"dateModified\":\"2020-01-07T18:39:02+00:00\",\"author\":{\"@id\":\"https:\/\/my365.fr\/blog\/#\/schema\/person\/bd846e38ecae343d68fba9f16471e9ff\"},\"breadcrumb\":{\"@id\":\"https:\/\/my365.fr\/blog\/2019\/11\/03\/defi-prendre-soin-de-soi\/#breadcrumb\"},\"inLanguage\":\"fr-FR\",\"potentialAction\":[{\"@type\":\"ReadAction\",\"target\":[\"https:\/\/my365.fr\/blog\/2019\/11\/03\/defi-prendre-soin-de-soi\/\"]}]},{\"@type\":\"BreadcrumbList\",\"@id\":\"https:\/\/my365.fr\/blog\/2019\/11\/03\/defi-prendre-soin-de-soi\/#breadcrumb\",\"itemListElement\":[{\"@type\":\"ListItem\",\"position\":1,\"name\":\"Accueil\",\"item\":\"https:\/\/my365.fr\/blog\/\"},{\"@type\":\"ListItem\",\"position\":2,\"name\":\"D\u00e9fi n\u00b03 : prendre soin de soi\"}]},{\"@type\":\"WebSite\",\"@id\":\"https:\/\/my365.fr\/blog\/#website\",\"url\":\"https:\/\/my365.fr\/blog\/\",\"name\":\"Le blog de My 365\",\"description\":\"\",\"potentialAction\":[{\"@type\":\"SearchAction\",\"target\":{\"@type\":\"EntryPoint\",\"urlTemplate\":\"https:\/\/my365.fr\/blog\/?s={search_term_string}\"},\"query-input\":{\"@type\":\"PropertyValueSpecification\",\"valueRequired\":true,\"valueName\":\"search_term_string\"}}],\"inLanguage\":\"fr-FR\"},{\"@type\":\"Person\",\"@id\":\"https:\/\/my365.fr\/blog\/#\/schema\/person\/bd846e38ecae343d68fba9f16471e9ff\",\"name\":\"Jenny\",\"image\":{\"@type\":\"ImageObject\",\"inLanguage\":\"fr-FR\",\"@id\":\"https:\/\/my365.fr\/blog\/#\/schema\/person\/image\/\",\"url\":\"https:\/\/secure.gravatar.com\/avatar\/3d490be64ac60ad419dd4fff03add1be?s=96&d=mm&r=g\",\"contentUrl\":\"https:\/\/secure.gravatar.com\/avatar\/3d490be64ac60ad419dd4fff03add1be?s=96&d=mm&r=g\",\"caption\":\"Jenny\"},\"url\":\"https:\/\/my365.fr\/blog\/author\/jenny\/\"}]}<\/script>\n<!-- \/ Yoast SEO plugin. -->","yoast_head_json":{"title":"Le blog de My 365 - D\u00e9fi n\u00b03 : prendre soin de soi","robots":{"index":"index","follow":"follow","max-snippet":"max-snippet:-1","max-image-preview":"max-image-preview:large","max-video-preview":"max-video-preview:-1"},"canonical":"https:\/\/my365.fr\/blog\/2019\/11\/03\/defi-prendre-soin-de-soi\/","og_locale":"fr_FR","og_type":"article","og_title":"Le blog de My 365 - D\u00e9fi n\u00b03 : prendre soin de soi","og_description":"Il y a des personnes qui arrivent \u00e0 prendre du temps pour elles et d\u2019autres pour qui ce n\u2019est pas si facile. Je suis plut\u00f4t du c\u00f4t\u00e9 des personnes qui n\u2019y arrivent pas tant que \u00e7a\u2026 J\u2019ai des vagues de motivation mais, souvent, je n\u2019arrive pas \u00e0 maintenir ce temps pour moi et je me &hellip; Continuer la lecture de &laquo;&nbsp;D\u00e9fi n\u00b03 : prendre soin de soi&nbsp;&raquo;","og_url":"https:\/\/my365.fr\/blog\/2019\/11\/03\/defi-prendre-soin-de-soi\/","og_site_name":"Le blog de My 365","article_publisher":"https:\/\/www.facebook.com\/myAgenda365","article_published_time":"2019-11-03T17:50:22+00:00","article_modified_time":"2020-01-07T18:39:02+00:00","author":"Jenny","twitter_card":"summary_large_image","twitter_creator":"@myAgenda365","twitter_site":"@myAgenda365","twitter_misc":{"\u00c9crit par":"Jenny","Dur\u00e9e de lecture estim\u00e9e":"2 minutes"},"schema":{"@context":"https:\/\/schema.org","@graph":[{"@type":"WebPage","@id":"https:\/\/my365.fr\/blog\/2019\/11\/03\/defi-prendre-soin-de-soi\/","url":"https:\/\/my365.fr\/blog\/2019\/11\/03\/defi-prendre-soin-de-soi\/","name":"Le blog de My 365 - D\u00e9fi n\u00b03 : prendre soin de soi","isPartOf":{"@id":"https:\/\/my365.fr\/blog\/#website"},"datePublished":"2019-11-03T17:50:22+00:00","dateModified":"2020-01-07T18:39:02+00:00","author":{"@id":"https:\/\/my365.fr\/blog\/#\/schema\/person\/bd846e38ecae343d68fba9f16471e9ff"},"breadcrumb":{"@id":"https:\/\/my365.fr\/blog\/2019\/11\/03\/defi-prendre-soin-de-soi\/#breadcrumb"},"inLanguage":"fr-FR","potentialAction":[{"@type":"ReadAction","target":["https:\/\/my365.fr\/blog\/2019\/11\/03\/defi-prendre-soin-de-soi\/"]}]},{"@type":"BreadcrumbList","@id":"https:\/\/my365.fr\/blog\/2019\/11\/03\/defi-prendre-soin-de-soi\/#breadcrumb","itemListElement":[{"@type":"ListItem","position":1,"name":"Accueil","item":"https:\/\/my365.fr\/blog\/"},{"@type":"ListItem","position":2,"name":"D\u00e9fi n\u00b03 : prendre soin de soi"}]},{"@type":"WebSite","@id":"https:\/\/my365.fr\/blog\/#website","url":"https:\/\/my365.fr\/blog\/","name":"Le blog de My 365","description":"","potentialAction":[{"@type":"SearchAction","target":{"@type":"EntryPoint","urlTemplate":"https:\/\/my365.fr\/blog\/?s={search_term_string}"},"query-input":{"@type":"PropertyValueSpecification","valueRequired":true,"valueName":"search_term_string"}}],"inLanguage":"fr-FR"},{"@type":"Person","@id":"https:\/\/my365.fr\/blog\/#\/schema\/person\/bd846e38ecae343d68fba9f16471e9ff","name":"Jenny","image":{"@type":"ImageObject","inLanguage":"fr-FR","@id":"https:\/\/my365.fr\/blog\/#\/schema\/person\/image\/","url":"https:\/\/secure.gravatar.com\/avatar\/3d490be64ac60ad419dd4fff03add1be?s=96&d=mm&r=g","contentUrl":"https:\/\/secure.gravatar.com\/avatar\/3d490be64ac60ad419dd4fff03add1be?s=96&d=mm&r=g","caption":"Jenny"},"url":"https:\/\/my365.fr\/blog\/author\/jenny\/"}]}},"_links":{"self":[{"href":"https:\/\/my365.fr\/blog\/wp-json\/wp\/v2\/posts\/1077"}],"collection":[{"href":"https:\/\/my365.fr\/blog\/wp-json\/wp\/v2\/posts"}],"about":[{"href":"https:\/\/my365.fr\/blog\/wp-json\/wp\/v2\/types\/post"}],"author":[{"embeddable":true,"href":"https:\/\/my365.fr\/blog\/wp-json\/wp\/v2\/users\/2"}],"replies":[{"embeddable":true,"href":"https:\/\/my365.fr\/blog\/wp-json\/wp\/v2\/comments?post=1077"}],"version-history":[{"count":7,"href":"https:\/\/my365.fr\/blog\/wp-json\/wp\/v2\/posts\/1077\/revisions"}],"predecessor-version":[{"id":1132,"href":"https:\/\/my365.fr\/blog\/wp-json\/wp\/v2\/posts\/1077\/revisions\/1132"}],"wp:attachment":[{"href":"https:\/\/my365.fr\/blog\/wp-json\/wp\/v2\/media?parent=1077"}],"wp:term":[{"taxonomy":"category","embeddable":true,"href":"https:\/\/my365.fr\/blog\/wp-json\/wp\/v2\/categories?post=1077"},{"taxonomy":"post_tag","embeddable":true,"href":"https:\/\/my365.fr\/blog\/wp-json\/wp\/v2\/tags?post=1077"}],"curies":[{"name":"wp","href":"https:\/\/api.w.org\/{rel}","templated":true}]}}